{"id":10064,"date":"2023-12-12T14:34:03","date_gmt":"2023-12-12T20:34:03","guid":{"rendered":"https:\/\/fusalmo.org\/?p=10064"},"modified":"2023-12-12T14:34:03","modified_gmt":"2023-12-12T20:34:03","slug":"la-ninez-y-juventud-se-divierte-al-estilo-salesiano-en-el-encuentro-nacional-de-oratorios","status":"publish","type":"post","link":"https:\/\/fusalmo.org\/salesianos\/la-ninez-y-juventud-se-divierte-al-estilo-salesiano-en-el-encuentro-nacional-de-oratorios\/","title":{"rendered":"La ni\u00f1ez y juventud se divierte\u00a0al estilo Salesiano en el Encuentro Nacional de Oratorios\u00a0"},"content":{"rendered":"\n<p>Las casas Salesianas de El Salvador se reunieron el domingo 3 de diciembre, en Ciudadela Don Bosco, para participar en el Encuentro Nacional de Oratorios 2023, espacio donde ni\u00f1as, ni\u00f1os, adolescentes y j\u00f3venes pudieron disfrutar de un d\u00eda lleno de emoci\u00f3n y alegr\u00eda al estilo Salesiano. &nbsp;<\/p>\n\n\n\n<p>Durante el encuentro se llev\u00f3 a cabo un torneo rel\u00e1mpago, en el que la ni\u00f1ez y juventud puso a prueba sus destrezas y habilidades deportivas para lograr la victoria junto a sus compa\u00f1eros de grupo, fomentando de esta manera el trabajo en equipo y el compa\u00f1erismo.&nbsp;<\/p>\n\n\n\n<p>En la actividad participaron un aproximado de\u00a0800 ni\u00f1os, ni\u00f1as y j\u00f3venes de las casas Salesianas: Don R\u00faa, Ricaldone, Ciudadela Don Bosco, Artemides, Zatti y FUSALMO, quienes competieron en\u00a0las\u00a0categor\u00edas: infantil, juvenil y mayor, adem\u00e1s de divertirse en actividades recreativas, en las que estuvieron apoyando los j\u00f3venes del Movimiento Juvenil Salesiano, y de manera log\u00edstica los colaboradores de FUSALMO.\u00a0<\/p>\n\n\n\n<a data-flickr-embed=\"true\" data-header=\"true\" data-footer=\"true\" href=\"https:\/\/www.flickr.com\/photos\/104128793@N02\/albums\/72177720313345673\" title=\"2023-Encuentro de Oratorio\" target=\"_blank\" rel=\"noopener\"><img fetchpriority=\"high\" decoding=\"async\" src=\"https:\/\/live.staticflickr.com\/65535\/53394173550_f4f803d7a2_z.jpg\" width=\"640\" height=\"480\" alt=\"2023-Encuentro de Oratorio\"\/><\/a><script async src=\"\/\/embedr.flickr.com\/assets\/client-code.js\" charset=\"utf-8\"><\/script>\n","protected":false},"excerpt":{"rendered":"<p>Las casas Salesianas de El Salvador se reunieron el domingo 3 de diciembre, en Ciudadela Don Bosco, para participar en el Encuentro Nacional de Oratorios 2023, espacio donde ni\u00f1as, ni\u00f1os, adolescentes y j\u00f3venes pudieron disfrutar de un d\u00eda lleno de emoci\u00f3n y alegr\u00eda al estilo Salesiano. &nbsp; Durante el encuentro se llev\u00f3 a cabo un [&hellip;]<\/p>\n","protected":false},"author":3,"featured_media":10065,"comment_status":"closed","ping_status":"closed","sticky":false,"template":"","format":"standard","meta":{"footnotes":""},"categories":[1],"tags":[],"class_list":["post-10064","post","type-post","status-publish","format-standard","has-post-thumbnail","hentry","category-sin-categoria"],"_links":{"self":[{"href":"https:\/\/fusalmo.org\/salesianos\/wp-json\/wp\/v2\/posts\/10064","targetHints":{"allow":["GET"]}}],"collection":[{"href":"https:\/\/fusalmo.org\/salesianos\/wp-json\/wp\/v2\/posts"}],"about":[{"href":"https:\/\/fusalmo.org\/salesianos\/wp-json\/wp\/v2\/types\/post"}],"author":[{"embeddable":true,"href":"https:\/\/fusalmo.org\/salesianos\/wp-json\/wp\/v2\/users\/3"}],"replies":[{"embeddable":true,"href":"https:\/\/fusalmo.org\/salesianos\/wp-json\/wp\/v2\/comments?post=10064"}],"version-history":[{"count":1,"href":"https:\/\/fusalmo.org\/salesianos\/wp-json\/wp\/v2\/posts\/10064\/revisions"}],"predecessor-version":[{"id":10066,"href":"https:\/\/fusalmo.org\/salesianos\/wp-json\/wp\/v2\/posts\/10064\/revisions\/10066"}],"wp:featuredmedia":[{"embeddable":true,"href":"https:\/\/fusalmo.org\/salesianos\/wp-json\/wp\/v2\/media\/10065"}],"wp:attachment":[{"href":"https:\/\/fusalmo.org\/salesianos\/wp-json\/wp\/v2\/media?parent=10064"}],"wp:term":[{"taxonomy":"category","embeddable":true,"href":"https:\/\/fusalmo.org\/salesianos\/wp-json\/wp\/v2\/categories?post=10064"},{"taxonomy":"post_tag","embeddable":true,"href":"https:\/\/fusalmo.org\/salesianos\/wp-json\/wp\/v2\/tags?post=10064"}],"curies":[{"name":"wp","href":"https:\/\/api.w.org\/{rel}","templated":true}]}}