{"id":10152,"date":"2024-03-02T12:13:53","date_gmt":"2024-03-02T18:13:53","guid":{"rendered":"https:\/\/fusalmo.org\/?p=10152"},"modified":"2024-03-19T10:17:08","modified_gmt":"2024-03-19T16:17:08","slug":"representantes-del-ministerio-federal-de-cooperacion-economica-y-desarrollo-de-alemania-visitan-fusalmo-soyapango","status":"publish","type":"post","link":"https:\/\/fusalmo.org\/salesianos\/representantes-del-ministerio-federal-de-cooperacion-economica-y-desarrollo-de-alemania-visitan-fusalmo-soyapango\/","title":{"rendered":"Representantes del Ministerio Federal de Cooperaci\u00f3n Econ\u00f3mica y Desarrollo de Alemania visitan FUSALMO Soyapango\u00a0"},"content":{"rendered":"\n<p>FUSALMO tuvo el honor de recibir la visita oficial de destacados representantes del Ministerio Federal de Cooperaci\u00f3n Econ\u00f3mica y Desarrollo de Alemania en su sede en Soyapango. Este encuentro desarrollado el 27 de febrero, brind\u00f3 una valiosa oportunidad para adentrarse en los programas y proyectos que FUSALMO desarrolla en favor de la ni\u00f1ez y juventud salvadore\u00f1a.&nbsp;<\/p>\n\n\n\n<p>Entre los distinguidos visitantes se encontraban Sabeth Bayer, Encargada del Portafolio SICA y BCIE del Ministerio Federal de Cooperaci\u00f3n Econ\u00f3mica y Desarrollo Alem\u00e1n; Lena Schwarm, Jefa de Cooperaci\u00f3n de la Embajada Alemana en El Salvador; Anna Wittenborg, Directora del Portafolio SICA y Representante permanente de GIZ en El Salvador; Gabriela Ram\u00edrez, Representante de SISCA; y Felicitas Eser, Directora del programa CaPaz II.&nbsp;<\/p>\n\n\n\n<p>Durante su estancia, los representantes realizaron un recorrido detallado por las instalaciones de FUSALMO, donde pudieron conocer de primera mano los programas en acci\u00f3n y compartir experiencias con j\u00f3venes involucrados en procesos formativos t\u00e9cnicos que buscan potenciar sus habilidades para el \u00e1mbito laboral.&nbsp;<\/p>\n\n\n\n<p>Esta significativa visita se enmarca en la s\u00f3lida alianza mantenida con la Cooperaci\u00f3n Alemana para el Desarrollo a trav\u00e9s de GIZ, quienes han respaldado la ejecuci\u00f3n de diversos proyectos orientados a la empleabilidad juvenil. Tambi\u00e9n, se han posicionado como pilares fundamentales en el impulso del movimiento \u00abJ\u00f3venes S\u00ed+: Apostando al Desarrollo\u00bb, en el cual FUSALMO ha colaborado estrechamente para influir en el \u00e1mbito empresarial y expandir su impacto a otros pa\u00edses de la regi\u00f3n, como Guatemala y Honduras.&nbsp;<\/p>\n\n\n\n<a data-flickr-embed=\"true\" data-header=\"true\" data-footer=\"true\" href=\"https:\/\/www.flickr.com\/photos\/104128793@N02\/albums\/72177720315115903\" title=\"2024 - Visita oficial del Ministerio Federal de Cooperaci\u00f3n Econ\u00f3mica y Desarrollo de Alemania. \" target=\"_blank\" rel=\"noopener\"><img fetchpriority=\"high\" decoding=\"async\" src=\"https:\/\/live.staticflickr.com\/65535\/53556755449_96f175d06a_z.jpg\" width=\"640\" height=\"480\" alt=\"2024 - Visita oficial del Ministerio Federal de Cooperaci\u00f3n Econ\u00f3mica y Desarrollo de Alemania. \"\/><\/a><script async src=\"\/\/embedr.flickr.com\/assets\/client-code.js\" charset=\"utf-8\"><\/script>\n","protected":false},"excerpt":{"rendered":"<p>FUSALMO tuvo el honor de recibir la visita oficial de destacados representantes del Ministerio Federal de Cooperaci\u00f3n Econ\u00f3mica y Desarrollo de Alemania en su sede en Soyapango. Este encuentro desarrollado el 27 de febrero, brind\u00f3 una valiosa oportunidad para adentrarse en los programas y proyectos que FUSALMO desarrolla en favor de la ni\u00f1ez y juventud [&hellip;]<\/p>\n","protected":false},"author":3,"featured_media":10153,"comment_status":"closed","ping_status":"closed","sticky":false,"template":"","format":"standard","meta":{"footnotes":""},"categories":[1],"tags":[117,63,51,116,23,115,21,33],"class_list":["post-10152","post","type-post","status-publish","format-standard","has-post-thumbnail","hentry","category-sin-categoria","tag-alemania","tag-el-salvador","tag-empleo","tag-empleo-para-jovenes","tag-fusalmo","tag-juventu","tag-juventud","tag-soyapango"],"_links":{"self":[{"href":"https:\/\/fusalmo.org\/salesianos\/wp-json\/wp\/v2\/posts\/10152","targetHints":{"allow":["GET"]}}],"collection":[{"href":"https:\/\/fusalmo.org\/salesianos\/wp-json\/wp\/v2\/posts"}],"about":[{"href":"https:\/\/fusalmo.org\/salesianos\/wp-json\/wp\/v2\/types\/post"}],"author":[{"embeddable":true,"href":"https:\/\/fusalmo.org\/salesianos\/wp-json\/wp\/v2\/users\/3"}],"replies":[{"embeddable":true,"href":"https:\/\/fusalmo.org\/salesianos\/wp-json\/wp\/v2\/comments?post=10152"}],"version-history":[{"count":3,"href":"https:\/\/fusalmo.org\/salesianos\/wp-json\/wp\/v2\/posts\/10152\/revisions"}],"predecessor-version":[{"id":10180,"href":"https:\/\/fusalmo.org\/salesianos\/wp-json\/wp\/v2\/posts\/10152\/revisions\/10180"}],"wp:featuredmedia":[{"embeddable":true,"href":"https:\/\/fusalmo.org\/salesianos\/wp-json\/wp\/v2\/media\/10153"}],"wp:attachment":[{"href":"https:\/\/fusalmo.org\/salesianos\/wp-json\/wp\/v2\/media?parent=10152"}],"wp:term":[{"taxonomy":"category","embeddable":true,"href":"https:\/\/fusalmo.org\/salesianos\/wp-json\/wp\/v2\/categories?post=10152"},{"taxonomy":"post_tag","embeddable":true,"href":"https:\/\/fusalmo.org\/salesianos\/wp-json\/wp\/v2\/tags?post=10152"}],"curies":[{"name":"wp","href":"https:\/\/api.w.org\/{rel}","templated":true}]}}