{"id":10214,"date":"2024-04-22T11:46:55","date_gmt":"2024-04-22T17:46:55","guid":{"rendered":"https:\/\/fusalmo.org\/?p=10214"},"modified":"2024-05-02T14:06:01","modified_gmt":"2024-05-02T20:06:01","slug":"fusalmo-recibe-a-padre-walter-jara-delegado-del-rector-mayor","status":"publish","type":"post","link":"https:\/\/fusalmo.org\/salesianos\/fusalmo-recibe-a-padre-walter-jara-delegado-del-rector-mayor\/","title":{"rendered":"FUSALMO recibe a Padre Walter Jara, delegado del Rector Mayor"},"content":{"rendered":"\n<p>Padre Walter Jara, SDB, representante del Rector Mayor, Cardenal \u00c1ngel Fern\u00e1ndez Artime, fue recibido con calidez el pasado 18 de abril en las instalaciones de FUSALMO en Soyapango.<\/p>\n\n\n\n<p>Durante su estancia, Padre Walter tuvo la valiosa oportunidad de interactuar con las y los participantes de los diversos programas ofrecidos por la instituci\u00f3n, as\u00ed como de adentrarse en la labor que FUSALMO realiza en beneficio de la comunidad.<\/p>\n\n\n\n<p>Acompa\u00f1ado por Padre Pierre Vitelli, Presidente de FUSALMO, y Nelson Cruz, Director Ejecutivo, Padre Walter pudo conocer de primera mano el impacto de los proyectos de vida que la organizaci\u00f3n impulsa entre la ni\u00f1ez, adolescencia y juventud.<\/p>\n\n\n\n<p>Durante su visita, expres\u00f3 su admiraci\u00f3n por la capacidad de FUSALMO para recrear el esp\u00edritu del oratorio de Don Bosco con innovaci\u00f3n y creatividad. Destac\u00f3 la riqueza y la identidad salesiana del proyecto, resaltando la importancia de seguir mejorando y creciendo para continuar sirviendo a quienes m\u00e1s lo necesitan.<\/p>\n\n\n\n<p>Asimismo, record\u00f3 la esencia de la obra de Don Bosco, centrada en la juventud, y enfatiz\u00f3 la responsabilidad de mantener siempre presente el compromiso con las poblaciones vulnerables. Subray\u00f3 la importancia de recordar que  la misi\u00f3n de ayudar es una bendici\u00f3n de Dios que debe ser abordada con diligencia y dedicaci\u00f3n.<\/p>\n\n\n\n<p>La visita de Padre Walter Jara reafirma el compromiso de la instituci\u00f3n con mantener e impulsar el carisma salesiano que caracteriza el acompa\u00f1amiento brindado a los miles de ni\u00f1as, ni\u00f1os, adolescentes y j\u00f3venes que son atendidos a\u00f1o tras a\u00f1o.<\/p>\n\n\n\n<a data-flickr-embed=\"true\" data-header=\"true\" data-footer=\"true\" href=\"https:\/\/www.flickr.com\/photos\/104128793@N02\/albums\/72177720316322204\" title=\"2024 - Visita de delegado del Rector Mayor: Padre Walter Jara\" target=\"_blank\" rel=\"noopener\"><img fetchpriority=\"high\" decoding=\"async\" src=\"https:\/\/live.staticflickr.com\/65535\/53663181924_6f981c6b3f_z.jpg\" width=\"640\" height=\"480\" alt=\"2024 - Visita de delegado del Rector Mayor: Padre Walter Jara\"\/><\/a><script async src=\"\/\/embedr.flickr.com\/assets\/client-code.js\" charset=\"utf-8\"><\/script>\n","protected":false},"excerpt":{"rendered":"<p>Padre Walter Jara, SDB, representante del Rector Mayor, Cardenal \u00c1ngel Fern\u00e1ndez Artime, fue recibido con calidez el pasado 18 de abril en las instalaciones de FUSALMO en Soyapango. Durante su estancia, Padre Walter tuvo la valiosa oportunidad de interactuar con las y los participantes de los diversos programas ofrecidos por la instituci\u00f3n, as\u00ed como de [&hellip;]<\/p>\n","protected":false},"author":3,"featured_media":10215,"comment_status":"closed","ping_status":"closed","sticky":false,"template":"","format":"standard","meta":{"footnotes":""},"categories":[1],"tags":[131,63,132,23,130,129,127,97,33,128],"class_list":["post-10214","post","type-post","status-publish","format-standard","has-post-thumbnail","hentry","category-sin-categoria","tag-catolica","tag-el-salvador","tag-fundacion","tag-fusalmo","tag-ong","tag-padre-walter","tag-rector-mayor","tag-salesianos","tag-soyapango","tag-walter-jara"],"_links":{"self":[{"href":"https:\/\/fusalmo.org\/salesianos\/wp-json\/wp\/v2\/posts\/10214","targetHints":{"allow":["GET"]}}],"collection":[{"href":"https:\/\/fusalmo.org\/salesianos\/wp-json\/wp\/v2\/posts"}],"about":[{"href":"https:\/\/fusalmo.org\/salesianos\/wp-json\/wp\/v2\/types\/post"}],"author":[{"embeddable":true,"href":"https:\/\/fusalmo.org\/salesianos\/wp-json\/wp\/v2\/users\/3"}],"replies":[{"embeddable":true,"href":"https:\/\/fusalmo.org\/salesianos\/wp-json\/wp\/v2\/comments?post=10214"}],"version-history":[{"count":2,"href":"https:\/\/fusalmo.org\/salesianos\/wp-json\/wp\/v2\/posts\/10214\/revisions"}],"predecessor-version":[{"id":10229,"href":"https:\/\/fusalmo.org\/salesianos\/wp-json\/wp\/v2\/posts\/10214\/revisions\/10229"}],"wp:featuredmedia":[{"embeddable":true,"href":"https:\/\/fusalmo.org\/salesianos\/wp-json\/wp\/v2\/media\/10215"}],"wp:attachment":[{"href":"https:\/\/fusalmo.org\/salesianos\/wp-json\/wp\/v2\/media?parent=10214"}],"wp:term":[{"taxonomy":"category","embeddable":true,"href":"https:\/\/fusalmo.org\/salesianos\/wp-json\/wp\/v2\/categories?post=10214"},{"taxonomy":"post_tag","embeddable":true,"href":"https:\/\/fusalmo.org\/salesianos\/wp-json\/wp\/v2\/tags?post=10214"}],"curies":[{"name":"wp","href":"https:\/\/api.w.org\/{rel}","templated":true}]}}