{"id":11171,"date":"2025-01-24T13:47:05","date_gmt":"2025-01-24T19:47:05","guid":{"rendered":"https:\/\/fusalmo.org\/?p=11171"},"modified":"2025-03-05T09:21:17","modified_gmt":"2025-03-05T15:21:17","slug":"organizaciones-comprometidas-en-la-mejora-de-oportunidades-para-la-ninez-adolescencia-y-juventud-salvadorena","status":"publish","type":"post","link":"https:\/\/fusalmo.org\/salesianos\/organizaciones-comprometidas-en-la-mejora-de-oportunidades-para-la-ninez-adolescencia-y-juventud-salvadorena\/","title":{"rendered":"Organizaciones comprometidas en la mejora de oportunidades para la ni\u00f1ez, adolescencia y juventud salvadore\u00f1a.\u00a0\u00a0"},"content":{"rendered":"\n<p>En San Miguel FUSALMO celebr\u00f3 junto a Fundaci\u00f3n Educo El Salvador, la uni\u00f3n de esfuerzos para fortalecer la educaci\u00f3n y fomentar el desarrollo integral de las ni\u00f1as, ni\u00f1os, adolescentes y j\u00f3venes.&nbsp;<\/p>\n\n\n\n<p>Este acuerdo, sellado el pasado el mi\u00e9rcoles 22 de enero, busca desarrollar proyectos coordinar esfuerzos para fortalecer implementaciones de programas y proyectos en la zona oriente del pa\u00eds, brindando herramientas y oportunidades que impulsen el crecimiento de habilidades y capacidades en las y los participantes.&nbsp;&nbsp;<\/p>\n\n\n\n<p>Por medio de estrategias coordinadas, ambas instituciones trabajar\u00e1n en iniciativas que impacten directamente en las comunidades.&nbsp;&nbsp;<\/p>\n\n\n\n<a data-flickr-embed=\"true\" href=\"https:\/\/www.flickr.com\/photos\/104128793@N02\/albums\/72177720323351858\" title=\"2025 - Firma de Convenio EDUCO\" target=\"_blank\" rel=\"noopener\"><img fetchpriority=\"high\" decoding=\"async\" src=\"https:\/\/live.staticflickr.com\/65535\/54281805284_8e625479d3_z.jpg\" width=\"640\" height=\"480\" alt=\"2025 - Firma de Convenio EDUCO\"\/><\/a><script async src=\"\/\/embedr.flickr.com\/assets\/client-code.js\" charset=\"utf-8\"><\/script>\n","protected":false},"excerpt":{"rendered":"<p>En San Miguel FUSALMO celebr\u00f3 junto a Fundaci\u00f3n Educo El Salvador, la uni\u00f3n de esfuerzos para fortalecer la educaci\u00f3n y fomentar el desarrollo integral de las ni\u00f1as, ni\u00f1os, adolescentes y j\u00f3venes.&nbsp; Este acuerdo, sellado el pasado el mi\u00e9rcoles 22 de enero, busca desarrollar proyectos coordinar esfuerzos para fortalecer implementaciones de programas y proyectos en la [&hellip;]<\/p>\n","protected":false},"author":3,"featured_media":11172,"comment_status":"closed","ping_status":"closed","sticky":false,"template":"","format":"standard","meta":{"footnotes":""},"categories":[1],"tags":[23,19,39],"class_list":["post-11171","post","type-post","status-publish","format-standard","has-post-thumbnail","hentry","category-sin-categoria","tag-fusalmo","tag-ninez","tag-san-miguel"],"_links":{"self":[{"href":"https:\/\/fusalmo.org\/salesianos\/wp-json\/wp\/v2\/posts\/11171","targetHints":{"allow":["GET"]}}],"collection":[{"href":"https:\/\/fusalmo.org\/salesianos\/wp-json\/wp\/v2\/posts"}],"about":[{"href":"https:\/\/fusalmo.org\/salesianos\/wp-json\/wp\/v2\/types\/post"}],"author":[{"embeddable":true,"href":"https:\/\/fusalmo.org\/salesianos\/wp-json\/wp\/v2\/users\/3"}],"replies":[{"embeddable":true,"href":"https:\/\/fusalmo.org\/salesianos\/wp-json\/wp\/v2\/comments?post=11171"}],"version-history":[{"count":1,"href":"https:\/\/fusalmo.org\/salesianos\/wp-json\/wp\/v2\/posts\/11171\/revisions"}],"predecessor-version":[{"id":11173,"href":"https:\/\/fusalmo.org\/salesianos\/wp-json\/wp\/v2\/posts\/11171\/revisions\/11173"}],"wp:featuredmedia":[{"embeddable":true,"href":"https:\/\/fusalmo.org\/salesianos\/wp-json\/wp\/v2\/media\/11172"}],"wp:attachment":[{"href":"https:\/\/fusalmo.org\/salesianos\/wp-json\/wp\/v2\/media?parent=11171"}],"wp:term":[{"taxonomy":"category","embeddable":true,"href":"https:\/\/fusalmo.org\/salesianos\/wp-json\/wp\/v2\/categories?post=11171"},{"taxonomy":"post_tag","embeddable":true,"href":"https:\/\/fusalmo.org\/salesianos\/wp-json\/wp\/v2\/tags?post=11171"}],"curies":[{"name":"wp","href":"https:\/\/api.w.org\/{rel}","templated":true}]}}