{"id":11212,"date":"2025-02-24T09:46:51","date_gmt":"2025-02-24T15:46:51","guid":{"rendered":"https:\/\/fusalmo.org\/?p=11212"},"modified":"2025-03-05T09:49:49","modified_gmt":"2025-03-05T15:49:49","slug":"impulsando-el-acceso-a-herramientas-digitales-para-jovenes","status":"publish","type":"post","link":"https:\/\/fusalmo.org\/salesianos\/impulsando-el-acceso-a-herramientas-digitales-para-jovenes\/","title":{"rendered":"Impulsando el Acceso a Herramientas Digitales para J\u00f3venes"},"content":{"rendered":"\n<p>Con entusiasmo y un fuerte compromiso con el futuro de la juventud, FUSALMO celebr\u00f3 la clausura del proceso formativo en Ofim\u00e1tica del Grupo B de Soyapango. Este curso, realizado en colaboraci\u00f3n con Experience France, es parte del proyecto \u00abAsistencia T\u00e9cnica para la Formaci\u00f3n en Ofim\u00e1tica para J\u00f3venes en Situaci\u00f3n de Vulnerabilidad\u00bb. Iniciado bajo el marco del Proyecto LAMARR, financiado por la Uni\u00f3n Europea y ejecutado por Expertise France, su objetivo es brindar formaci\u00f3n a j\u00f3venes que enfrentan desaf\u00edos socioecon\u00f3micos, migratorios o de discapacidad, formandolos con competencias digitales esenciales para ampliar sus oportunidades en la transformaci\u00f3n digital.<\/p>\n\n\n\n<p>El curso benefici\u00f3 a 12 j\u00f3venes de entre 16 y 29 a\u00f1os, proporcion\u00e1ndoles herramientas clave para su inserci\u00f3n laboral y desarrollo personal. El curso se enfoc\u00f3 en el dominio de Microsoft Office (Word, Excel, PowerPoint) y en el fortalecimiento de habilidades para la vida, integrando tanto conocimientos t\u00e9cnicos como valores. Esta combinaci\u00f3n de formaci\u00f3n t\u00e9cnica y \u00e9tica refleja la visi\u00f3n salesiana de preparar a los j\u00f3venes para enfrentar con \u00e9xito los retos del mundo laboral y social.<\/p>\n\n\n\n<p>El evento cont\u00f3 con la presencia de los graduados, sus familiares y diversas autoridades, entre ellas Lilia Ivett Padilla, Directora de Proyectos de FUSALMO, y Nelson \u00c1ngel, Representante de C\u00e1mara de Centros de Formaci\u00f3n Profesional de El Salvador para el Proyecto LAMARR.<\/p>\n\n\n\n<p>Siguiendo el legado de Don Bosco, FUSALMO sigue comprometido con la b\u00fasqueda de nuevas oportunidades formativas para los j\u00f3venes, desarrollando programas y proyectos que les permitan crecer profesionalmente y contribuir activamente a la sociedad. Cada joven empoderado con conocimientos y valores se convierte en un agente de cambio. \u00a1El camino apenas comienza, el futuro es prometedor.<\/p>\n\n\n\n<a data-flickr-embed=\"true\" href=\"https:\/\/www.flickr.com\/photos\/104128793@N02\/albums\/72177720323997942\" title=\"2025 - Clausura Curso de Ofim\u00e1tica - Proyecto Lamarr\" target=\"_blank\" rel=\"noopener\"><img fetchpriority=\"high\" decoding=\"async\" src=\"https:\/\/live.staticflickr.com\/65535\/54344030140_cc9ce3e2d3_z.jpg\" width=\"640\" height=\"480\" alt=\"2025 - Clausura Curso de Ofim\u00e1tica - Proyecto Lamarr\"\/><\/a><script async src=\"\/\/embedr.flickr.com\/assets\/client-code.js\" charset=\"utf-8\"><\/script>\n","protected":false},"excerpt":{"rendered":"<p>Con entusiasmo y un fuerte compromiso con el futuro de la juventud, FUSALMO celebr\u00f3 la clausura del proceso formativo en Ofim\u00e1tica del Grupo B de Soyapango. Este curso, realizado en colaboraci\u00f3n con Experience France, es parte del proyecto \u00abAsistencia T\u00e9cnica para la Formaci\u00f3n en Ofim\u00e1tica para J\u00f3venes en Situaci\u00f3n de Vulnerabilidad\u00bb. Iniciado bajo el marco [&hellip;]<\/p>\n","protected":false},"author":3,"featured_media":11213,"comment_status":"closed","ping_status":"closed","sticky":false,"template":"","format":"standard","meta":{"footnotes":""},"categories":[1],"tags":[51,60,23,21,33],"class_list":["post-11212","post","type-post","status-publish","format-standard","has-post-thumbnail","hentry","category-sin-categoria","tag-empleo","tag-empleo-juvenil","tag-fusalmo","tag-juventud","tag-soyapango"],"_links":{"self":[{"href":"https:\/\/fusalmo.org\/salesianos\/wp-json\/wp\/v2\/posts\/11212","targetHints":{"allow":["GET"]}}],"collection":[{"href":"https:\/\/fusalmo.org\/salesianos\/wp-json\/wp\/v2\/posts"}],"about":[{"href":"https:\/\/fusalmo.org\/salesianos\/wp-json\/wp\/v2\/types\/post"}],"author":[{"embeddable":true,"href":"https:\/\/fusalmo.org\/salesianos\/wp-json\/wp\/v2\/users\/3"}],"replies":[{"embeddable":true,"href":"https:\/\/fusalmo.org\/salesianos\/wp-json\/wp\/v2\/comments?post=11212"}],"version-history":[{"count":1,"href":"https:\/\/fusalmo.org\/salesianos\/wp-json\/wp\/v2\/posts\/11212\/revisions"}],"predecessor-version":[{"id":11214,"href":"https:\/\/fusalmo.org\/salesianos\/wp-json\/wp\/v2\/posts\/11212\/revisions\/11214"}],"wp:featuredmedia":[{"embeddable":true,"href":"https:\/\/fusalmo.org\/salesianos\/wp-json\/wp\/v2\/media\/11213"}],"wp:attachment":[{"href":"https:\/\/fusalmo.org\/salesianos\/wp-json\/wp\/v2\/media?parent=11212"}],"wp:term":[{"taxonomy":"category","embeddable":true,"href":"https:\/\/fusalmo.org\/salesianos\/wp-json\/wp\/v2\/categories?post=11212"},{"taxonomy":"post_tag","embeddable":true,"href":"https:\/\/fusalmo.org\/salesianos\/wp-json\/wp\/v2\/tags?post=11212"}],"curies":[{"name":"wp","href":"https:\/\/api.w.org\/{rel}","templated":true}]}}