{"id":1790,"date":"2019-07-18T23:21:22","date_gmt":"2019-07-19T05:21:22","guid":{"rendered":"https:\/\/fusalmo.org\/?p=1790"},"modified":"2019-08-01T11:35:10","modified_gmt":"2019-08-01T17:35:10","slug":"encuentro-entre-talleristas-de-jornada-extendida-y-encargados-de-la-unidad-de-cultura-y-deporte-del-ministerio-de-educacion-usulutan","status":"publish","type":"post","link":"https:\/\/fusalmo.org\/salesianos\/encuentro-entre-talleristas-de-jornada-extendida-y-encargados-de-la-unidad-de-cultura-y-deporte-del-ministerio-de-educacion-usulutan\/","title":{"rendered":"ENCUENTRO ENTRE TALLERISTAS DE JORNADA EXTENDIDA Y ENCARGADOS DE LA UNIDAD DE CULTURA Y DEPORTE DEL MINISTERIO DE EDUCACI\u00d3N USULUT\u00c1N"},"content":{"rendered":"\n<p>El d\u00eda&nbsp;12 de julio en el departamento de Usulut\u00e1n se llev\u00f3 a cabo la actividad \u201cEncuentro entre talleristas de Jornada Extendida y encargados de la Unidad de Cultura y Deporte del Ministerio de Educaci\u00f3n\u201d;&nbsp;teniendo como objetivo generar procesos de sostenibilidad y seguimiento del personal del Ministerio de Educaci\u00f3n de la zona, por medio de acciones en la Jornada Extendida.&nbsp;<\/p>\n\n\n\n<p>Estaactividad se realiz\u00f3 en el marco de la consultor\u00eda \u201cFortaleciendo Aprendizajes\u201d financiado por FOMILENIO ll a trav\u00e9s del Ministerio de Educaci\u00f3n, FUSALMO y sus aliados, EDUCO, Plan Internacional El Salvador y Escuela Americana.<\/p>\n\n\n\n<p>Se cont\u00f3 con la participaci\u00f3n de dos representantes&nbsp;de la Unidad de Cultura y Deporte, la Gestora Licda. Cristabel Flores del Ministerio de Educaci\u00f3n Usulut\u00e1n y 45 talleristas de Jornada Extendida de la zona de Usulut\u00e1n.<\/p>\n\n\n\n<p>En dicho encuentro se abordaron temas&nbsp;como:&nbsp;<\/p>\n\n\n\n<p>1)&nbsp;&nbsp;&nbsp;&nbsp;&nbsp;Auto cuido y reconocimiento&nbsp;a las buenas acciones y pr\u00e1cticas que han encontrado de parte de los talleristas de Jornada Extendida y de los perfiles de los encargados de dichas \u00e1reas.<\/p>\n\n\n\n<p>2)&nbsp;&nbsp;&nbsp;&nbsp;&nbsp;Alternativas para la sostenibilidad, como por ejemplo: la organizaci\u00f3n de una red de talleristas que contribuya a impulsar los servicios y apoyos a las diferentes instituciones&nbsp;educativas en el a\u00f1o 2020.<\/p>\n\n\n\n<p>3)&nbsp;&nbsp;&nbsp;&nbsp;&nbsp;Gu\u00edas metodol\u00f3gicas&nbsp;para desarrollar educaci\u00f3n&nbsp;f\u00edsica&nbsp;y arte para tercer ciclo.<\/p>\n\n\n\n<div class=\"wp-block-gutenbee-slideshow\" data-fade=\"true\" data-autoplay=\"true\" data-arrows=\"true\" data-dots=\"true\" data-infinite=\"true\" data-speed=\"300\" data-autoplay-speed=\"3000\" data-slides-to-show=\"1\" data-slides-to-scroll=\"1\" data-pause-on-hover=\"true\" style=\"color:#FFFFFF\" data-dots-color=\"#FFFFFF\" data-arrows-color=\"#FFFFFF\"><div class=\"gutenbee-slideshow-item\"><img decoding=\"async\" src=\"https:\/\/agostomalo.fusalmo.org\/fusalmo_up\/IMG-20190712-WA0031.jpg\" alt=\"\" data-id=\"9309\" data-link=\"https:\/\/agostomalo.fusalmo.org\/?attachment_id=9309\"\/><\/div><div class=\"gutenbee-slideshow-item\"><img decoding=\"async\" src=\"https:\/\/agostomalo.fusalmo.org\/fusalmo_up\/IMG-20190712-WA0030.jpg\" alt=\"\" data-id=\"9308\" data-link=\"https:\/\/agostomalo.fusalmo.org\/?attachment_id=9308\"\/><\/div><div class=\"gutenbee-slideshow-item\"><img decoding=\"async\" src=\"https:\/\/agostomalo.fusalmo.org\/fusalmo_up\/IMG-20190712-WA0032.jpg\" alt=\"\" data-id=\"9310\" data-link=\"https:\/\/agostomalo.fusalmo.org\/?attachment_id=9310\"\/><\/div><\/div>\n","protected":false},"excerpt":{"rendered":"<p>El d\u00eda&nbsp;12 de julio en el departamento de Usulut\u00e1n se llev\u00f3 a cabo la actividad \u201cEncuentro entre talleristas de Jornada Extendida y encargados de la Unidad de Cultura y Deporte del Ministerio de Educaci\u00f3n\u201d;&nbsp;teniendo como objetivo generar procesos de sostenibilidad y seguimiento del personal del Ministerio de Educaci\u00f3n de la zona, por medio de acciones [&hellip;]<\/p>\n","protected":false},"author":3,"featured_media":0,"comment_status":"closed","ping_status":"closed","sticky":false,"template":"","format":"standard","meta":{"footnotes":""},"categories":[],"tags":[],"class_list":["post-1790","post","type-post","status-publish","format-standard","hentry"],"_links":{"self":[{"href":"https:\/\/fusalmo.org\/salesianos\/wp-json\/wp\/v2\/posts\/1790","targetHints":{"allow":["GET"]}}],"collection":[{"href":"https:\/\/fusalmo.org\/salesianos\/wp-json\/wp\/v2\/posts"}],"about":[{"href":"https:\/\/fusalmo.org\/salesianos\/wp-json\/wp\/v2\/types\/post"}],"author":[{"embeddable":true,"href":"https:\/\/fusalmo.org\/salesianos\/wp-json\/wp\/v2\/users\/3"}],"replies":[{"embeddable":true,"href":"https:\/\/fusalmo.org\/salesianos\/wp-json\/wp\/v2\/comments?post=1790"}],"version-history":[{"count":0,"href":"https:\/\/fusalmo.org\/salesianos\/wp-json\/wp\/v2\/posts\/1790\/revisions"}],"wp:attachment":[{"href":"https:\/\/fusalmo.org\/salesianos\/wp-json\/wp\/v2\/media?parent=1790"}],"wp:term":[{"taxonomy":"category","embeddable":true,"href":"https:\/\/fusalmo.org\/salesianos\/wp-json\/wp\/v2\/categories?post=1790"},{"taxonomy":"post_tag","embeddable":true,"href":"https:\/\/fusalmo.org\/salesianos\/wp-json\/wp\/v2\/tags?post=1790"}],"curies":[{"name":"wp","href":"https:\/\/api.w.org\/{rel}","templated":true}]}}