{"id":1838,"date":"2019-07-04T12:05:28","date_gmt":"2019-07-04T18:05:28","guid":{"rendered":"https:\/\/fusalmo.org\/?p=1838"},"modified":"2019-08-01T12:03:10","modified_gmt":"2019-08-01T18:03:10","slug":"caif-soyapango-brinda-taller-a-jovenes-estudiantes-de-psicologia","status":"publish","type":"post","link":"https:\/\/fusalmo.org\/salesianos\/caif-soyapango-brinda-taller-a-jovenes-estudiantes-de-psicologia\/","title":{"rendered":"CAIF SOYAPANGO BRINDA TALLER A J\u00d3VENES ESTUDIANTES DE PSICOLOG\u00cdA"},"content":{"rendered":"\n<p>Los d\u00edas mi\u00e9rcoles 3 y jueves 4 de julio en las instalaciones del CAIF Soyapango (Centro de Atenci\u00f3n Integral a la Familia), se llev\u00f3 a cabo el taller Autolesiones sin intenci\u00f3n suicida; en \u00e9l participaron treinta estudiantes de primer a quinto a\u00f1o de la carrera de Psicolog\u00eda de la Universidad Nacional de El Salvador.<\/p>\n\n\n\n<p>El objetivo del taller fue brindarles herramientas para trabajar con ni\u00f1os, ni\u00f1as, adolescentes y j\u00f3venes que est\u00e1n pasando por situaciones de autolesiones (cortaduras, laceraciones, etc.) y a su vez enriqueciendo sus conocimientos en un tema que ha sido auge internacionalmente en los \u00faltimos dos a\u00f1os en materia psicol\u00f3gica pero que en nuestro pa\u00eds no se contaba con dicha informaci\u00f3n.<\/p>\n\n\n\n<p>La tem\u00e1tica se imparti\u00f3 desde lo b\u00e1sico como: qu\u00e9 es una autolesi\u00f3n y su diagn\u00f3stico hasta c\u00f3mo tratar e intervenir este tipo de casos en terapia cl\u00ednica. Adem\u00e1s de la parte te\u00f3rica los participantes contaron con actividades de integraci\u00f3n como construcci\u00f3n de esquemas, mapas conceptuales, mapas mentales y din\u00e1micas rompe hielo.&nbsp;<\/p>\n\n\n\n<p>Con el taller tuvieron la oportunidad de visitar los STEAM+LAB, Aula Animada, instalaciones deportivas y PIJDB con la finalidad de que conocieran el trabajo que la Fundaci\u00f3n realiza con la ni\u00f1ez y juventud salvadore\u00f1a tanto en el \u00e1rea Psicol\u00f3gica como en las dem\u00e1s \u00e1reas.<\/p>\n\n\n\n<div class=\"wp-block-gutenbee-slideshow\" data-fade=\"true\" data-autoplay=\"true\" data-arrows=\"true\" data-dots=\"true\" data-infinite=\"true\" data-speed=\"300\" data-autoplay-speed=\"3000\" data-slides-to-show=\"1\" data-slides-to-scroll=\"1\" data-pause-on-hover=\"true\" style=\"color:#FFFFFF\" data-dots-color=\"#FFFFFF\" data-arrows-color=\"#FFFFFF\"><div class=\"gutenbee-slideshow-item\"><img decoding=\"async\" src=\"https:\/\/agostomalo.fusalmo.org\/fusalmo_up\/48199757882_b070d735d7_k.jpg\" alt=\"\" data-id=\"9182\" data-link=\"https:\/\/agostomalo.fusalmo.org\/?attachment_id=9182\"\/><\/div><div class=\"gutenbee-slideshow-item\"><img decoding=\"async\" src=\"https:\/\/agostomalo.fusalmo.org\/fusalmo_up\/48199756932_70bb1d8dab_k.jpg\" alt=\"\" data-id=\"9181\" data-link=\"https:\/\/agostomalo.fusalmo.org\/?attachment_id=9181\"\/><\/div><div class=\"gutenbee-slideshow-item\"><img decoding=\"async\" src=\"https:\/\/agostomalo.fusalmo.org\/fusalmo_up\/48199753632_1072aa0bbf_k.jpg\" alt=\"\" data-id=\"9180\" data-link=\"https:\/\/agostomalo.fusalmo.org\/?attachment_id=9180\"\/><\/div><div class=\"gutenbee-slideshow-item\"><img decoding=\"async\" src=\"https:\/\/agostomalo.fusalmo.org\/fusalmo_up\/48199720571_2cc8567912_k.jpg\" alt=\"\" data-id=\"9178\" data-link=\"https:\/\/agostomalo.fusalmo.org\/?attachment_id=9178\"\/><\/div><div class=\"gutenbee-slideshow-item\"><img decoding=\"async\" src=\"https:\/\/agostomalo.fusalmo.org\/fusalmo_up\/48199706996_dd84d88897_k.jpg\" alt=\"\" data-id=\"9176\" data-link=\"https:\/\/agostomalo.fusalmo.org\/?attachment_id=9176\"\/><\/div><\/div>\n","protected":false},"excerpt":{"rendered":"<p>Los d\u00edas mi\u00e9rcoles 3 y jueves 4 de julio en las instalaciones del CAIF Soyapango (Centro de Atenci\u00f3n Integral a la Familia), se llev\u00f3 a cabo el taller Autolesiones sin intenci\u00f3n suicida; en \u00e9l participaron treinta estudiantes de primer a quinto a\u00f1o de la carrera de Psicolog\u00eda de la Universidad Nacional de El Salvador. El [&hellip;]<\/p>\n","protected":false},"author":3,"featured_media":0,"comment_status":"closed","ping_status":"closed","sticky":false,"template":"","format":"standard","meta":{"footnotes":""},"categories":[],"tags":[],"class_list":["post-1838","post","type-post","status-publish","format-standard","hentry"],"_links":{"self":[{"href":"https:\/\/fusalmo.org\/salesianos\/wp-json\/wp\/v2\/posts\/1838","targetHints":{"allow":["GET"]}}],"collection":[{"href":"https:\/\/fusalmo.org\/salesianos\/wp-json\/wp\/v2\/posts"}],"about":[{"href":"https:\/\/fusalmo.org\/salesianos\/wp-json\/wp\/v2\/types\/post"}],"author":[{"embeddable":true,"href":"https:\/\/fusalmo.org\/salesianos\/wp-json\/wp\/v2\/users\/3"}],"replies":[{"embeddable":true,"href":"https:\/\/fusalmo.org\/salesianos\/wp-json\/wp\/v2\/comments?post=1838"}],"version-history":[{"count":0,"href":"https:\/\/fusalmo.org\/salesianos\/wp-json\/wp\/v2\/posts\/1838\/revisions"}],"wp:attachment":[{"href":"https:\/\/fusalmo.org\/salesianos\/wp-json\/wp\/v2\/media?parent=1838"}],"wp:term":[{"taxonomy":"category","embeddable":true,"href":"https:\/\/fusalmo.org\/salesianos\/wp-json\/wp\/v2\/categories?post=1838"},{"taxonomy":"post_tag","embeddable":true,"href":"https:\/\/fusalmo.org\/salesianos\/wp-json\/wp\/v2\/tags?post=1838"}],"curies":[{"name":"wp","href":"https:\/\/api.w.org\/{rel}","templated":true}]}}