{"id":1954,"date":"2019-05-30T14:40:45","date_gmt":"2019-05-30T20:40:45","guid":{"rendered":"https:\/\/fusalmo.org\/?p=1954"},"modified":"2019-08-01T13:06:09","modified_gmt":"2019-08-01T19:06:09","slug":"fusalmo-firma-convenio-con-spass-para-prevencion-de-violencia","status":"publish","type":"post","link":"https:\/\/fusalmo.org\/salesianos\/fusalmo-firma-convenio-con-spass-para-prevencion-de-violencia\/","title":{"rendered":"FUSALMO FIRMA CONVENIO CON SPASS PARA PREVENCI\u00d3N DE VIOLENCIA"},"content":{"rendered":"\n<p style=\"text-align:left\">El 29 de mayo de 2019 FUSALMO llev\u00f3 a cabo la \u00abFirma de convenio de Subvenci\u00f3n en Cascada para la Elaboraci\u00f3n de una Propuesta de Pol\u00edtica P\u00fablica de Seguridad Ciudadana en materia de Prevenci\u00f3n de la Violencia y del Delito\u00bb junto con&nbsp;Servicio Social Pasionista (SPASS); en este evento estuvo presente el Director Ejecutivo de FUSALMO, Lic. Nelson Cruz.<\/p>\n\n\n\n<p style=\"text-align:left\">El objetivo principal de este convenio es contribuir a la generaci\u00f3n de propuestas de sociedad civil para el abordaje de violencia y criminalidad en cuatro ambitos:<\/p>\n\n\n\n<p style=\"text-align:left\">1.&nbsp;&nbsp;&nbsp;&nbsp;Pol\u00edtica de seguridad ciudadana en materia de prevenci\u00f3n de la violencia y del delito.<\/p>\n\n\n\n<p style=\"text-align:left\">2.&nbsp;&nbsp;&nbsp;&nbsp;Pol\u00edtica de seguridad ciudadana en materia de persecuci\u00f3n del delito.<\/p>\n\n\n\n<p style=\"text-align:left\">3.&nbsp;&nbsp;&nbsp;&nbsp;Pol\u00edtica de seguridad ciudadana en materia de rehabilitaci\u00f3n y reinserci\u00f3n social de personas en conflicto con la ley.<\/p>\n\n\n\n<p style=\"text-align:left\">4.&nbsp;&nbsp;&nbsp;&nbsp;Pol\u00edtica de seguridad ciudadana en materia de taenci\u00f3n y protecci\u00f3n integral a las personas v\u00edctimas de la violencia.<\/p>\n","protected":false},"excerpt":{"rendered":"<p>El 29 de mayo de 2019 FUSALMO llev\u00f3 a cabo la \u00abFirma de convenio de Subvenci\u00f3n en Cascada para la Elaboraci\u00f3n de una Propuesta de Pol\u00edtica P\u00fablica de Seguridad Ciudadana en materia de Prevenci\u00f3n de la Violencia y del Delito\u00bb junto con&nbsp;Servicio Social Pasionista (SPASS); en este evento estuvo presente el Director Ejecutivo de FUSALMO, [&hellip;]<\/p>\n","protected":false},"author":3,"featured_media":0,"comment_status":"closed","ping_status":"closed","sticky":false,"template":"","format":"standard","meta":{"footnotes":""},"categories":[],"tags":[],"class_list":["post-1954","post","type-post","status-publish","format-standard","hentry"],"_links":{"self":[{"href":"https:\/\/fusalmo.org\/salesianos\/wp-json\/wp\/v2\/posts\/1954","targetHints":{"allow":["GET"]}}],"collection":[{"href":"https:\/\/fusalmo.org\/salesianos\/wp-json\/wp\/v2\/posts"}],"about":[{"href":"https:\/\/fusalmo.org\/salesianos\/wp-json\/wp\/v2\/types\/post"}],"author":[{"embeddable":true,"href":"https:\/\/fusalmo.org\/salesianos\/wp-json\/wp\/v2\/users\/3"}],"replies":[{"embeddable":true,"href":"https:\/\/fusalmo.org\/salesianos\/wp-json\/wp\/v2\/comments?post=1954"}],"version-history":[{"count":0,"href":"https:\/\/fusalmo.org\/salesianos\/wp-json\/wp\/v2\/posts\/1954\/revisions"}],"wp:attachment":[{"href":"https:\/\/fusalmo.org\/salesianos\/wp-json\/wp\/v2\/media?parent=1954"}],"wp:term":[{"taxonomy":"category","embeddable":true,"href":"https:\/\/fusalmo.org\/salesianos\/wp-json\/wp\/v2\/categories?post=1954"},{"taxonomy":"post_tag","embeddable":true,"href":"https:\/\/fusalmo.org\/salesianos\/wp-json\/wp\/v2\/tags?post=1954"}],"curies":[{"name":"wp","href":"https:\/\/api.w.org\/{rel}","templated":true}]}}