{"id":2244,"date":"2019-04-08T23:11:27","date_gmt":"2019-04-09T05:11:27","guid":{"rendered":"https:\/\/fusalmo.org\/?p=2244"},"modified":"2019-08-03T18:42:58","modified_gmt":"2019-08-04T00:42:58","slug":"educacion-medioambiental-en-fusalmo-santa-ana","status":"publish","type":"post","link":"https:\/\/fusalmo.org\/salesianos\/educacion-medioambiental-en-fusalmo-santa-ana\/","title":{"rendered":"EDUCACI\u00d3N MEDIOAMBIENTAL EN FUSALMO SANTA ANA"},"content":{"rendered":"\n<p>El pasado martes 02 de abril, como parte de las actividades de la Semana de Acci\u00f3n Mundial por la Educaci\u00f3n, se llev\u00f3 a cabo una charla de concientizaci\u00f3n sobre el cuidado del medio ambiente y una campa\u00f1a de limpieza, impartida a los estudiantes del Centro Escolar Juan Jos\u00e9 Bernal en FUSALMO Santa Ana.<\/p>\n\n\n\n<p>La ponencia estuvo a cargo de Caleb Padilla, fundador de la organizaci\u00f3n Un Pulm\u00f3n M\u00e1s, quien enfatiz\u00f3 el da\u00f1o que la ciudad de Santa Ana ha tenido en el cambio de clima, las inundaciones debido al exceso de basura, entre otros factores que afectan cada vez m\u00e1s, y lo significativo que es tomar parte de ello con peque\u00f1as acciones que mejoren la calidad de vida.<\/p>\n\n\n\n<p>Para finalizar la jornada, los estudiantes realizaron una campa\u00f1a de limpieza al interior de las instalaciones de FUSALMO Santa Ana, en la que los educadores se sumaron para hacer el famoso \u201cBasura Challenge\u201d, el cual consiste en tomarse una fotograf\u00eda en un lugar contaminado con basura, limpiar toda el \u00e1rea y tomarse otra fotograf\u00eda dejando la zona totalmente limpia para luego alojar las comparaciones en las redes sociales.<\/p>\n\n\n\n<p>La Semana de Acci\u00f3n Mundial por la Educaci\u00f3n (#SAME2019), se celebr\u00f3 del 1 al 7 de abril bajo el lema \u201cDefendemos la Educaci\u00f3n, Sostenemos el Mundo\u201d, con el fin de luchar en contra de la degradaci\u00f3n medioambiental y promover la transformaci\u00f3n de los sistemas de producci\u00f3n y consumo.<\/p>\n\n\n\n<div class=\"wp-block-gutenbee-slideshow\" data-fade=\"false\" data-autoplay=\"true\" data-arrows=\"true\" data-dots=\"true\" data-infinite=\"true\" data-speed=\"300\" data-autoplay-speed=\"3000\" data-slides-to-show=\"1\" data-slides-to-scroll=\"1\" data-pause-on-hover=\"true\" style=\"color:#FFFFFF\" data-dots-color=\"#FFFFFF\" data-arrows-color=\"#FFFFFF\"><div class=\"gutenbee-slideshow-item\"><img decoding=\"async\" src=\"https:\/\/fusalmo.org\/wp-content\/uploads\/02SAME.jpg\" alt=\"SAME2019\" data-id=\"2255\" data-link=\"https:\/\/fusalmo.org\/?attachment_id=2255\"\/><\/div><div class=\"gutenbee-slideshow-item\"><img decoding=\"async\" src=\"https:\/\/fusalmo.org\/wp-content\/uploads\/03SAME.jpg\" alt=\"SAME2019\" data-id=\"2256\" data-link=\"https:\/\/fusalmo.org\/?attachment_id=2256\"\/><\/div><div class=\"gutenbee-slideshow-item\"><img decoding=\"async\" src=\"https:\/\/fusalmo.org\/wp-content\/uploads\/04SAME.jpg\" alt=\"SAME2019\" data-id=\"2257\" data-link=\"https:\/\/fusalmo.org\/?attachment_id=2257\"\/><\/div><div class=\"gutenbee-slideshow-item\"><img decoding=\"async\" src=\"https:\/\/fusalmo.org\/wp-content\/uploads\/05SAME.jpg\" alt=\"SAME2019\" data-id=\"2258\" data-link=\"https:\/\/fusalmo.org\/?attachment_id=2258\"\/><\/div><div class=\"gutenbee-slideshow-item\"><img decoding=\"async\" src=\"https:\/\/fusalmo.org\/wp-content\/uploads\/06SAME.jpg\" alt=\"SAME2019\" data-id=\"2259\" data-link=\"https:\/\/fusalmo.org\/?attachment_id=2259\"\/><\/div><div class=\"gutenbee-slideshow-item\"><img decoding=\"async\" src=\"https:\/\/fusalmo.org\/wp-content\/uploads\/07SAME.jpg\" alt=\"SAME2019\" data-id=\"2260\" data-link=\"https:\/\/fusalmo.org\/?attachment_id=2260\"\/><\/div><div class=\"gutenbee-slideshow-item\"><img decoding=\"async\" src=\"https:\/\/fusalmo.org\/wp-content\/uploads\/08SAME.jpg\" alt=\"SAME2019\" data-id=\"2261\" data-link=\"https:\/\/fusalmo.org\/?attachment_id=2261\"\/><\/div><div class=\"gutenbee-slideshow-item\"><img decoding=\"async\" src=\"https:\/\/fusalmo.org\/wp-content\/uploads\/09SAME.jpg\" alt=\"SAME2019\" data-id=\"2262\" data-link=\"https:\/\/fusalmo.org\/?attachment_id=2262\"\/><\/div><\/div>\n","protected":false},"excerpt":{"rendered":"<p>El pasado martes 02 de abril, como parte de las actividades de la Semana de Acci\u00f3n Mundial por la Educaci\u00f3n, se llev\u00f3 a cabo una charla de concientizaci\u00f3n sobre el cuidado del medio ambiente y una campa\u00f1a de limpieza, impartida a los estudiantes del Centro Escolar Juan Jos\u00e9 Bernal en FUSALMO Santa Ana. La ponencia [&hellip;]<\/p>\n","protected":false},"author":3,"featured_media":0,"comment_status":"closed","ping_status":"closed","sticky":false,"template":"","format":"standard","meta":{"footnotes":""},"categories":[],"tags":[],"class_list":["post-2244","post","type-post","status-publish","format-standard","hentry"],"_links":{"self":[{"href":"https:\/\/fusalmo.org\/salesianos\/wp-json\/wp\/v2\/posts\/2244","targetHints":{"allow":["GET"]}}],"collection":[{"href":"https:\/\/fusalmo.org\/salesianos\/wp-json\/wp\/v2\/posts"}],"about":[{"href":"https:\/\/fusalmo.org\/salesianos\/wp-json\/wp\/v2\/types\/post"}],"author":[{"embeddable":true,"href":"https:\/\/fusalmo.org\/salesianos\/wp-json\/wp\/v2\/users\/3"}],"replies":[{"embeddable":true,"href":"https:\/\/fusalmo.org\/salesianos\/wp-json\/wp\/v2\/comments?post=2244"}],"version-history":[{"count":0,"href":"https:\/\/fusalmo.org\/salesianos\/wp-json\/wp\/v2\/posts\/2244\/revisions"}],"wp:attachment":[{"href":"https:\/\/fusalmo.org\/salesianos\/wp-json\/wp\/v2\/media?parent=2244"}],"wp:term":[{"taxonomy":"category","embeddable":true,"href":"https:\/\/fusalmo.org\/salesianos\/wp-json\/wp\/v2\/categories?post=2244"},{"taxonomy":"post_tag","embeddable":true,"href":"https:\/\/fusalmo.org\/salesianos\/wp-json\/wp\/v2\/tags?post=2244"}],"curies":[{"name":"wp","href":"https:\/\/api.w.org\/{rel}","templated":true}]}}