{"id":2458,"date":"2019-09-10T15:43:47","date_gmt":"2019-09-10T21:43:47","guid":{"rendered":"https:\/\/fusalmo.org\/?p=2458"},"modified":"2019-09-10T15:43:50","modified_gmt":"2019-09-10T21:43:50","slug":"exposicion-de-jornada-extendida-en-inauguracion-del-coed-pablo-soriano-urquilla-en-san-pedro-puxtla-ahuachapan","status":"publish","type":"post","link":"https:\/\/fusalmo.org\/salesianos\/exposicion-de-jornada-extendida-en-inauguracion-del-coed-pablo-soriano-urquilla-en-san-pedro-puxtla-ahuachapan\/","title":{"rendered":"EXPOSICI\u00d3N DE JORNADA EXTENDIDA EN INAUGURACI\u00d3N DEL COED PABLO SORIANO URQUILLA EN SAN PEDRO PUXTLA, AHUACHAP\u00c1N."},"content":{"rendered":"\n<p>El d\u00eda 9 de septiembre de 2019, en el Complejo\nEducativo Pablo Soriano Urquilla en San Pedro Puxtla en el departamento de\nAhuachap\u00e1n, se llev\u00f3 a cabo la exposici\u00f3n de stands con las ni\u00f1as, ni\u00f1os,\nadolescentes y j\u00f3venes que forman parte de la consultor\u00eda \u201cFortaleciendo\nAprendizajes\u201d; de los diferentes talleres de Jornada Extendida, Comunidades Lectoras\ny Componente de Ingl\u00e9s.<\/p>\n\n\n\n<p>Las exposiciones se realizaron en el\nmarco de la inauguraci\u00f3n del Complejo Educativo Pablo Soriano Urquilla, se cont\u00f3\ncon la participaci\u00f3n de el Sr. Presidente de la Junta Directiva de FOMILENIO ll\nWilliam Pleites, Secretario Privado de la Presidencia Ernesto Castro, Embajador\nde los Estados Unidos en El Salvador Sr. Ronald Johnson, Presidente de la\nCorporaci\u00f3n Reto del Milenio (MCC), Sean CairnCross y la Ministra de Educaci\u00f3n Sra.\nCarla Hanan\u00ed; despu\u00e9s del acto protocolario de inauguraci\u00f3n, las autoridades\nrealizaron un recorrido por los diferentes stands, donde los chicos les esperaban\npara mostrarles los proyectos realizados.<\/p>\n\n\n\n<p>Estas actividades se realizan en el marco de la consultor\u00eda Fortaleciendo Aprendizajes financiada por FOMILENIO ll a trav\u00e9s del Ministerio de Educaci\u00f3n, FUSALMO, EDUCO, Plan internacional y Escuela Americana.<\/p>\n\n\n\n<div class=\"wp-block-gutenbee-slideshow\" data-fade=\"true\" data-autoplay=\"true\" data-arrows=\"true\" data-dots=\"true\" data-infinite=\"true\" data-speed=\"300\" data-autoplay-speed=\"3000\" data-slides-to-show=\"1\" data-slides-to-scroll=\"1\" data-pause-on-hover=\"true\" style=\"color:#FFFFFF\" data-dots-color=\"#FFFFFF\" data-arrows-color=\"#FFFFFF\"><div class=\"gutenbee-slideshow-item\"><img decoding=\"async\" src=\"https:\/\/fusalmo.org\/wp-content\/uploads\/Captura-de-pantalla-2019-09-09-a-las-5.12.02-p.m..png\" alt=\"\" data-id=\"2444\" data-link=\"https:\/\/fusalmo.org\/exposicion-de-jornada-extendida-en-inauguracion-del-coed-pablo-soriano-urquilla-en-san-pedro-puxtla-ahuachapan\/captura-de-pantalla-2019-09-09-a-las-5-12-02-p-m\/\"\/><\/div><div class=\"gutenbee-slideshow-item\"><img decoding=\"async\" src=\"https:\/\/fusalmo.org\/wp-content\/uploads\/Captura-de-pantalla-2019-09-10-a-las-2.29.43-p.m..png\" alt=\"\" data-id=\"2445\" data-link=\"https:\/\/fusalmo.org\/exposicion-de-jornada-extendida-en-inauguracion-del-coed-pablo-soriano-urquilla-en-san-pedro-puxtla-ahuachapan\/captura-de-pantalla-2019-09-10-a-las-2-29-43-p-m\/\"\/><\/div><div class=\"gutenbee-slideshow-item\"><img decoding=\"async\" src=\"https:\/\/fusalmo.org\/wp-content\/uploads\/Captura-de-pantalla-2019-09-10-a-las-2.30.40-p.m..png\" alt=\"\" data-id=\"2446\" data-link=\"https:\/\/fusalmo.org\/exposicion-de-jornada-extendida-en-inauguracion-del-coed-pablo-soriano-urquilla-en-san-pedro-puxtla-ahuachapan\/captura-de-pantalla-2019-09-10-a-las-2-30-40-p-m\/\"\/><\/div><div class=\"gutenbee-slideshow-item\"><img decoding=\"async\" src=\"https:\/\/fusalmo.org\/wp-content\/uploads\/Captura-de-pantalla-2019-09-10-a-las-2.31.31-p.m..png\" alt=\"\" data-id=\"2447\" data-link=\"https:\/\/fusalmo.org\/exposicion-de-jornada-extendida-en-inauguracion-del-coed-pablo-soriano-urquilla-en-san-pedro-puxtla-ahuachapan\/captura-de-pantalla-2019-09-10-a-las-2-31-31-p-m\/\"\/><\/div><div class=\"gutenbee-slideshow-item\"><img decoding=\"async\" src=\"https:\/\/fusalmo.org\/wp-content\/uploads\/Captura-de-pantalla-2019-09-10-a-las-2.42.35-p.m..png\" alt=\"\" data-id=\"2448\" data-link=\"https:\/\/fusalmo.org\/exposicion-de-jornada-extendida-en-inauguracion-del-coed-pablo-soriano-urquilla-en-san-pedro-puxtla-ahuachapan\/captura-de-pantalla-2019-09-10-a-las-2-42-35-p-m\/\"\/><\/div><div class=\"gutenbee-slideshow-item\"><img decoding=\"async\" src=\"https:\/\/fusalmo.org\/wp-content\/uploads\/Captura-de-pantalla-2019-09-10-a-las-2.43.36-p.m..png\" alt=\"\" data-id=\"2449\" data-link=\"https:\/\/fusalmo.org\/exposicion-de-jornada-extendida-en-inauguracion-del-coed-pablo-soriano-urquilla-en-san-pedro-puxtla-ahuachapan\/captura-de-pantalla-2019-09-10-a-las-2-43-36-p-m\/\"\/><\/div><div class=\"gutenbee-slideshow-item\"><img decoding=\"async\" src=\"https:\/\/fusalmo.org\/wp-content\/uploads\/Captura-de-pantalla-2019-09-10-a-las-2.44.18-p.m..png\" alt=\"\" data-id=\"2450\" data-link=\"https:\/\/fusalmo.org\/exposicion-de-jornada-extendida-en-inauguracion-del-coed-pablo-soriano-urquilla-en-san-pedro-puxtla-ahuachapan\/captura-de-pantalla-2019-09-10-a-las-2-44-18-p-m\/\"\/><\/div><div class=\"gutenbee-slideshow-item\"><img decoding=\"async\" src=\"https:\/\/fusalmo.org\/wp-content\/uploads\/Captura-de-pantalla-2019-09-10-a-las-2.55.21-p.m..png\" alt=\"\" data-id=\"2451\" data-link=\"https:\/\/fusalmo.org\/exposicion-de-jornada-extendida-en-inauguracion-del-coed-pablo-soriano-urquilla-en-san-pedro-puxtla-ahuachapan\/captura-de-pantalla-2019-09-10-a-las-2-55-21-p-m\/\"\/><\/div><div class=\"gutenbee-slideshow-item\"><img decoding=\"async\" src=\"https:\/\/fusalmo.org\/wp-content\/uploads\/Captura-de-pantalla-2019-09-10-a-las-2.55.41-p.m..png\" alt=\"\" data-id=\"2452\" data-link=\"https:\/\/fusalmo.org\/exposicion-de-jornada-extendida-en-inauguracion-del-coed-pablo-soriano-urquilla-en-san-pedro-puxtla-ahuachapan\/captura-de-pantalla-2019-09-10-a-las-2-55-41-p-m\/\"\/><\/div><div class=\"gutenbee-slideshow-item\"><img decoding=\"async\" src=\"https:\/\/fusalmo.org\/wp-content\/uploads\/Captura-de-pantalla-2019-09-10-a-las-3.00.00-p.m..png\" alt=\"\" data-id=\"2455\" data-link=\"https:\/\/fusalmo.org\/exposicion-de-jornada-extendida-en-inauguracion-del-coed-pablo-soriano-urquilla-en-san-pedro-puxtla-ahuachapan\/captura-de-pantalla-2019-09-10-a-las-3-00-00-p-m\/\"\/><\/div><\/div>\n","protected":false},"excerpt":{"rendered":"<p>El d\u00eda 9 de septiembre de 2019, en el Complejo Educativo Pablo Soriano Urquilla en San Pedro Puxtla en el departamento de Ahuachap\u00e1n, se llev\u00f3 a cabo la exposici\u00f3n de stands con las ni\u00f1as, ni\u00f1os, adolescentes y j\u00f3venes que forman parte de la consultor\u00eda \u201cFortaleciendo Aprendizajes\u201d; de los diferentes talleres de Jornada Extendida, Comunidades Lectoras [&hellip;]<\/p>\n","protected":false},"author":3,"featured_media":0,"comment_status":"closed","ping_status":"closed","sticky":false,"template":"","format":"standard","meta":{"footnotes":""},"categories":[],"tags":[],"class_list":["post-2458","post","type-post","status-publish","format-standard","hentry"],"_links":{"self":[{"href":"https:\/\/fusalmo.org\/salesianos\/wp-json\/wp\/v2\/posts\/2458","targetHints":{"allow":["GET"]}}],"collection":[{"href":"https:\/\/fusalmo.org\/salesianos\/wp-json\/wp\/v2\/posts"}],"about":[{"href":"https:\/\/fusalmo.org\/salesianos\/wp-json\/wp\/v2\/types\/post"}],"author":[{"embeddable":true,"href":"https:\/\/fusalmo.org\/salesianos\/wp-json\/wp\/v2\/users\/3"}],"replies":[{"embeddable":true,"href":"https:\/\/fusalmo.org\/salesianos\/wp-json\/wp\/v2\/comments?post=2458"}],"version-history":[{"count":0,"href":"https:\/\/fusalmo.org\/salesianos\/wp-json\/wp\/v2\/posts\/2458\/revisions"}],"wp:attachment":[{"href":"https:\/\/fusalmo.org\/salesianos\/wp-json\/wp\/v2\/media?parent=2458"}],"wp:term":[{"taxonomy":"category","embeddable":true,"href":"https:\/\/fusalmo.org\/salesianos\/wp-json\/wp\/v2\/categories?post=2458"},{"taxonomy":"post_tag","embeddable":true,"href":"https:\/\/fusalmo.org\/salesianos\/wp-json\/wp\/v2\/tags?post=2458"}],"curies":[{"name":"wp","href":"https:\/\/api.w.org\/{rel}","templated":true}]}}