{"id":2510,"date":"2019-10-04T12:41:11","date_gmt":"2019-10-04T18:41:11","guid":{"rendered":"https:\/\/fusalmo.org\/?p=2510"},"modified":"2019-10-04T15:25:57","modified_gmt":"2019-10-04T21:25:57","slug":"padre-alfonso-evertsz-recibe-premio-a-la-solidaridad","status":"publish","type":"post","link":"https:\/\/fusalmo.org\/salesianos\/padre-alfonso-evertsz-recibe-premio-a-la-solidaridad\/","title":{"rendered":"PADRE ALFONSO EVERTSZ RECIBE PREMIO A LA SOLIDARIDAD"},"content":{"rendered":"\n<p>\u201cS\u00ed nos solicitan \u201cdar m\u00e1s\u201d nunca decimos NO, al igual que\nDon Bosco \u00a1Ahora hemos de trabajar, ya descansaremos en el\npara\u00edso!, los j\u00f3venes nos esperan, no\nhay tiempo que perder\u201d. Esas fueron las palabras de cierre del discurso\nofrecido por parte del Padre Alfonso Evertsz Presidente de FUSALMO en la Noche\nde Solidaridad ofrecida por la Fundaci\u00f3n Salvadore\u00f1a para el Desarrollo Econ\u00f3mico\ny Social (FUSADES) el pasado 3 de octubre de 2019 en donde fue reconocido por\nsus 19 a\u00f1os de trabajo en los Polideportivos Don Bosco a favor de la ni\u00f1ez y\njuventud salvadore\u00f1a.<\/p>\n\n\n\n<p>FUSADES; por cuarto a\u00f1o\nconsecutivo celebr\u00f3 la Noche de Solidaridad otorgando el premio AD VITAM al\nPadre Alfonso Evertsz quien con m\u00e1s de 50 a\u00f1os de sacerdocio ha entregado su\nvida al Carisma Salesiano de manera integral sirviendo a la ni\u00f1ez y juventud\nsalvadore\u00f1a desde muy joven.<\/p>\n\n\n\n<p>\u201cPadre Evertsz; es un\nsalvadore\u00f1o de coraz\u00f3n que junto a la Congregaci\u00f3n Salesiana y ciudadanos\ncomprometidos han venido desarrollando a FUSALMO como una plataforma de\nformaci\u00f3n para miles de j\u00f3venes en riesgo. He decirle Padre que FUSALMO y su\nequipo son un orgullo salvadore\u00f1o,\u201d coment\u00f3 el Presidente de FUSADES don Miguel\n\u00c1ngel Sim\u00e1n, luego de pedir un aplauso para todos los miembros que forman parte\nde FUSALMO en San Miguel, Santa Ana y Soyapango. <\/p>\n\n\n\n<p>Por su parte; Padre Evertsz\ncoment\u00f3 \u201cCr\u00e9anme, he recibido m\u00e1s de los ni\u00f1os y j\u00f3venes de lo que yo les he\ndado, ellos sin duda nos esperan con ansias para seguir trabajando\u201d. <\/p>\n\n\n\n<p>FUSALMO; sigue trabajando de\nmanera diaria por la ni\u00f1ez y juventud salvadore\u00f1a, a la fecha se han\nbeneficiado a m\u00e1s de 270, 542 j\u00f3venes en los distintas \u00e1reas de trabajo a nivel\nnacional.<\/p>\n\n\n\n<div class=\"wp-block-gutenbee-slideshow\" data-fade=\"true\" data-autoplay=\"true\" data-arrows=\"true\" data-dots=\"true\" data-infinite=\"true\" data-speed=\"300\" data-autoplay-speed=\"3000\" data-slides-to-show=\"1\" data-slides-to-scroll=\"1\" data-pause-on-hover=\"true\" style=\"color:#FFFFFF\" data-dots-color=\"#FFFFFF\" data-arrows-color=\"#FFFFFF\"><div class=\"gutenbee-slideshow-item\"><img decoding=\"async\" src=\"https:\/\/fusalmo.org\/wp-content\/uploads\/1.png\" alt=\"\" data-id=\"2512\" data-link=\"https:\/\/fusalmo.org\/padre-alfonso-evertsz-recibe-premio-a-la-solidaridad\/attachment\/1\/\"\/><\/div><div class=\"gutenbee-slideshow-item\"><img decoding=\"async\" src=\"https:\/\/fusalmo.org\/wp-content\/uploads\/2.png\" alt=\"\" data-id=\"2513\" data-link=\"https:\/\/fusalmo.org\/padre-alfonso-evertsz-recibe-premio-a-la-solidaridad\/attachment\/2\/\"\/><\/div><div class=\"gutenbee-slideshow-item\"><img decoding=\"async\" src=\"https:\/\/fusalmo.org\/wp-content\/uploads\/3.png\" alt=\"\" data-id=\"2514\" data-link=\"https:\/\/fusalmo.org\/padre-alfonso-evertsz-recibe-premio-a-la-solidaridad\/attachment\/3\/\"\/><\/div><div class=\"gutenbee-slideshow-item\"><img decoding=\"async\" src=\"https:\/\/fusalmo.org\/wp-content\/uploads\/4.png\" alt=\"\" data-id=\"2515\" data-link=\"https:\/\/fusalmo.org\/padre-alfonso-evertsz-recibe-premio-a-la-solidaridad\/attachment\/4\/\"\/><\/div><div class=\"gutenbee-slideshow-item\"><img decoding=\"async\" src=\"https:\/\/fusalmo.org\/wp-content\/uploads\/5.png\" alt=\"\" data-id=\"2516\" data-link=\"https:\/\/fusalmo.org\/padre-alfonso-evertsz-recibe-premio-a-la-solidaridad\/attachment\/5\/\"\/><\/div><div class=\"gutenbee-slideshow-item\"><img decoding=\"async\" src=\"https:\/\/fusalmo.org\/wp-content\/uploads\/6.png\" alt=\"\" data-id=\"2517\" data-link=\"https:\/\/fusalmo.org\/padre-alfonso-evertsz-recibe-premio-a-la-solidaridad\/attachment\/6\/\"\/><\/div><div class=\"gutenbee-slideshow-item\"><img decoding=\"async\" src=\"https:\/\/fusalmo.org\/wp-content\/uploads\/7.png\" alt=\"\" data-id=\"2518\" data-link=\"https:\/\/fusalmo.org\/padre-alfonso-evertsz-recibe-premio-a-la-solidaridad\/attachment\/7\/\"\/><\/div><div class=\"gutenbee-slideshow-item\"><img decoding=\"async\" src=\"https:\/\/fusalmo.org\/wp-content\/uploads\/8.png\" alt=\"\" data-id=\"2519\" data-link=\"https:\/\/fusalmo.org\/padre-alfonso-evertsz-recibe-premio-a-la-solidaridad\/attachment\/8\/\"\/><\/div><div class=\"gutenbee-slideshow-item\"><img decoding=\"async\" src=\"https:\/\/fusalmo.org\/wp-content\/uploads\/10.png\" alt=\"\" data-id=\"2521\" data-link=\"https:\/\/fusalmo.org\/padre-alfonso-evertsz-recibe-premio-a-la-solidaridad\/attachment\/10\/\"\/><\/div><div class=\"gutenbee-slideshow-item\"><img decoding=\"async\" src=\"https:\/\/fusalmo.org\/wp-content\/uploads\/5-1.png\" alt=\"\" data-id=\"2523\" data-link=\"https:\/\/fusalmo.org\/padre-alfonso-evertsz-recibe-premio-a-la-solidaridad\/5-2\/\"\/><\/div><div class=\"gutenbee-slideshow-item\"><img decoding=\"async\" src=\"https:\/\/fusalmo.org\/wp-content\/uploads\/Noche-de-solidaridad.png\" alt=\"\" data-id=\"2524\" data-link=\"https:\/\/fusalmo.org\/padre-alfonso-evertsz-recibe-premio-a-la-solidaridad\/noche-de-solidaridad-2\/\"\/><\/div><div class=\"gutenbee-slideshow-item\"><img decoding=\"async\" src=\"https:\/\/fusalmo.org\/wp-content\/uploads\/Noche-de-Solidaridad-.png\" alt=\"\" data-id=\"2525\" data-link=\"https:\/\/fusalmo.org\/padre-alfonso-evertsz-recibe-premio-a-la-solidaridad\/noche-de-solidaridad-3\/\"\/><\/div><div class=\"gutenbee-slideshow-item\"><img decoding=\"async\" src=\"https:\/\/fusalmo.org\/wp-content\/uploads\/Noche-de-Solidaridad-copia.jpg\" alt=\"\" data-id=\"2526\" data-link=\"https:\/\/fusalmo.org\/padre-alfonso-evertsz-recibe-premio-a-la-solidaridad\/noche-de-solidaridad-copia\/\"\/><\/div><\/div>\n","protected":false},"excerpt":{"rendered":"<p>\u201cS\u00ed nos solicitan \u201cdar m\u00e1s\u201d nunca decimos NO, al igual que Don Bosco \u00a1Ahora hemos de trabajar, ya descansaremos en el para\u00edso!, los j\u00f3venes nos esperan, no hay tiempo que perder\u201d. Esas fueron las palabras de cierre del discurso ofrecido por parte del Padre Alfonso Evertsz Presidente de FUSALMO en la Noche de Solidaridad ofrecida [&hellip;]<\/p>\n","protected":false},"author":3,"featured_media":0,"comment_status":"closed","ping_status":"closed","sticky":false,"template":"","format":"standard","meta":{"footnotes":""},"categories":[],"tags":[],"class_list":["post-2510","post","type-post","status-publish","format-standard","hentry"],"_links":{"self":[{"href":"https:\/\/fusalmo.org\/salesianos\/wp-json\/wp\/v2\/posts\/2510","targetHints":{"allow":["GET"]}}],"collection":[{"href":"https:\/\/fusalmo.org\/salesianos\/wp-json\/wp\/v2\/posts"}],"about":[{"href":"https:\/\/fusalmo.org\/salesianos\/wp-json\/wp\/v2\/types\/post"}],"author":[{"embeddable":true,"href":"https:\/\/fusalmo.org\/salesianos\/wp-json\/wp\/v2\/users\/3"}],"replies":[{"embeddable":true,"href":"https:\/\/fusalmo.org\/salesianos\/wp-json\/wp\/v2\/comments?post=2510"}],"version-history":[{"count":0,"href":"https:\/\/fusalmo.org\/salesianos\/wp-json\/wp\/v2\/posts\/2510\/revisions"}],"wp:attachment":[{"href":"https:\/\/fusalmo.org\/salesianos\/wp-json\/wp\/v2\/media?parent=2510"}],"wp:term":[{"taxonomy":"category","embeddable":true,"href":"https:\/\/fusalmo.org\/salesianos\/wp-json\/wp\/v2\/categories?post=2510"},{"taxonomy":"post_tag","embeddable":true,"href":"https:\/\/fusalmo.org\/salesianos\/wp-json\/wp\/v2\/tags?post=2510"}],"curies":[{"name":"wp","href":"https:\/\/api.w.org\/{rel}","templated":true}]}}