{"id":4215,"date":"2020-02-10T08:38:40","date_gmt":"2020-02-10T14:38:40","guid":{"rendered":"https:\/\/fusalmo.org\/?p=4215"},"modified":"2020-02-10T08:38:43","modified_gmt":"2020-02-10T14:38:43","slug":"artistas-juveniles-del-centro-cultural-fusalmo-se-proyectan-internacionalmente","status":"publish","type":"post","link":"https:\/\/fusalmo.org\/salesianos\/artistas-juveniles-del-centro-cultural-fusalmo-se-proyectan-internacionalmente\/","title":{"rendered":"Artistas juveniles del Centro Cultural FUSALMO se proyectan internacionalmente"},"content":{"rendered":"\n<p>El pasado seis y siete de diciembre los j\u00f3venes del Centro Cultural FUSALMO de la Escuela de M\u00fasica y realizaron una gira internacional, mostrando su talento en canto y viol\u00edn, participando como artistas invitados por la Fundaci\u00f3n TELET\u00d3N de Honduras, haciendo presentaciones por diferentes departamentos del sur de dicho pa\u00eds. <\/p>\n\n\n\n<p><strong>Cristian Alfaro \u201c<\/strong>llevo cuatro a\u00f1os participando como voluntario en FUSALMO y soy\nparte de la Escuela de M\u00fasica como violinista, gracias a ello tuve la\noportunidad de participar en el evento TELET\u00d3N de Honduras permiti\u00e9ndome\nconocer un p\u00fablico diferente y poder desarrollarme m\u00e1s como m\u00fasico, por lo\ncual agradezco a FUSALMO por el apoyo\u201d. <\/p>\n\n\n\n<p><strong>Sof\u00eda Ruiz <\/strong>desde hace seis meses forma parte Club de Canto del Centro Cultural FUSALMO. \u201cEste a\u00f1o 2019 tuve la oportunidad de presentarme en la TELET\u00d3N de Honduras, en lo personal fue una gran experiencia, fue muy interesante visitar las plazas, pueblos y centros comerciales donde me present\u00e9 y poder conocer el voluntariado de la TELET\u00d3N y sus beneficiarios en el pa\u00eds centroamericano\u201d. <\/p>\n\n\n\n<p>A esta actividad se sum\u00f3 el grupo <strong>OldNew Crew <\/strong>quienes\nllevaron sus energ\u00edas y movimiento a trav\u00e9s del baile. Organizadores y el\np\u00fablico hondure\u00f1o se mostraron contentos con la participaci\u00f3n de los\nartistas salvadore\u00f1os y dieron el reconocimiento al esfuerzo y el talento de\nlos j\u00f3venes. <\/p>\n\n\n\n<div id=\"block-f40967-f1\" class=\"wp-block-gutenbee-slideshow\" data-fade=\"true\" data-autoplay=\"true\" data-arrows=\"true\" data-dots=\"true\" data-infinite=\"true\" data-speed=\"300\" data-autoplay-speed=\"3000\" data-slides-to-show=\"1\" data-slides-to-scroll=\"1\" data-pause-on-hover=\"true\" style=\"color:#FFFFFF\" data-dots-color=\"#FFFFFF\" data-arrows-color=\"#FFFFFF\"><div class=\"gutenbee-slideshow-item\"><img decoding=\"async\" src=\"https:\/\/fusalmo.org\/wp-content\/uploads\/1-2.png\" alt=\"\" data-id=\"4216\" data-link=\"https:\/\/fusalmo.org\/?attachment_id=4216\"\/><\/div><div class=\"gutenbee-slideshow-item\"><img decoding=\"async\" src=\"https:\/\/fusalmo.org\/wp-content\/uploads\/2-2.png\" alt=\"\" data-id=\"4217\" data-link=\"https:\/\/fusalmo.org\/?attachment_id=4217\"\/><\/div><div class=\"gutenbee-slideshow-item\"><img decoding=\"async\" src=\"https:\/\/fusalmo.org\/wp-content\/uploads\/3-3.png\" alt=\"\" data-id=\"4218\" data-link=\"https:\/\/fusalmo.org\/?attachment_id=4218\"\/><\/div><div class=\"gutenbee-slideshow-item\"><img decoding=\"async\" src=\"https:\/\/fusalmo.org\/wp-content\/uploads\/4-2.png\" alt=\"\" data-id=\"4219\" data-link=\"https:\/\/fusalmo.org\/?attachment_id=4219\"\/><\/div><div class=\"gutenbee-slideshow-item\"><img decoding=\"async\" src=\"https:\/\/fusalmo.org\/wp-content\/uploads\/5-4.png\" alt=\"\" data-id=\"4220\" data-link=\"https:\/\/fusalmo.org\/?attachment_id=4220\"\/><\/div><\/div>\n","protected":false},"excerpt":{"rendered":"<p>El pasado seis y siete de diciembre los j\u00f3venes del Centro Cultural FUSALMO de la Escuela de M\u00fasica y realizaron una gira internacional, mostrando su talento en canto y viol\u00edn, participando como artistas invitados por la Fundaci\u00f3n TELET\u00d3N de Honduras, haciendo presentaciones por diferentes departamentos del sur de dicho pa\u00eds. Cristian Alfaro \u201cllevo cuatro a\u00f1os [&hellip;]<\/p>\n","protected":false},"author":3,"featured_media":0,"comment_status":"closed","ping_status":"closed","sticky":false,"template":"","format":"standard","meta":{"footnotes":""},"categories":[],"tags":[],"class_list":["post-4215","post","type-post","status-publish","format-standard","hentry"],"_links":{"self":[{"href":"https:\/\/fusalmo.org\/salesianos\/wp-json\/wp\/v2\/posts\/4215","targetHints":{"allow":["GET"]}}],"collection":[{"href":"https:\/\/fusalmo.org\/salesianos\/wp-json\/wp\/v2\/posts"}],"about":[{"href":"https:\/\/fusalmo.org\/salesianos\/wp-json\/wp\/v2\/types\/post"}],"author":[{"embeddable":true,"href":"https:\/\/fusalmo.org\/salesianos\/wp-json\/wp\/v2\/users\/3"}],"replies":[{"embeddable":true,"href":"https:\/\/fusalmo.org\/salesianos\/wp-json\/wp\/v2\/comments?post=4215"}],"version-history":[{"count":0,"href":"https:\/\/fusalmo.org\/salesianos\/wp-json\/wp\/v2\/posts\/4215\/revisions"}],"wp:attachment":[{"href":"https:\/\/fusalmo.org\/salesianos\/wp-json\/wp\/v2\/media?parent=4215"}],"wp:term":[{"taxonomy":"category","embeddable":true,"href":"https:\/\/fusalmo.org\/salesianos\/wp-json\/wp\/v2\/categories?post=4215"},{"taxonomy":"post_tag","embeddable":true,"href":"https:\/\/fusalmo.org\/salesianos\/wp-json\/wp\/v2\/tags?post=4215"}],"curies":[{"name":"wp","href":"https:\/\/api.w.org\/{rel}","templated":true}]}}