{"id":4407,"date":"2020-03-04T12:22:25","date_gmt":"2020-03-04T18:22:25","guid":{"rendered":"https:\/\/fusalmo.org\/?p=4407"},"modified":"2020-03-04T12:22:28","modified_gmt":"2020-03-04T18:22:28","slug":"programa-integral-juvenil-don-bosco-presenta-su-oferta-educativa-para-este-2020","status":"publish","type":"post","link":"https:\/\/fusalmo.org\/salesianos\/programa-integral-juvenil-don-bosco-presenta-su-oferta-educativa-para-este-2020\/","title":{"rendered":"Programa Integral Juvenil Don Bosco presenta su oferta educativa para este 2020"},"content":{"rendered":"\n<p>Lunes 24 de\nfebrero 2020, dio inicio el Programa Integral Juvenil Don Bosco en las tres\nsedes FUSALMO Soyapango, San Miguel y Santa Ana, y durante la semana se\nrealizaron los tres actos inaugurales. <\/p>\n\n\n\n<p>El martes 25\nde febrero 2020, se llev\u00f3 a cabo en FUSALMO Soyapango, donde el programa\nbeneficiara a 1,619 estudiantes, durante el acto oficial de inauguraci\u00f3n se\ncont\u00f3 con la presencia de Padre Pierre Vitelli SDB, Nelson Cruz Director\nEjecutivo de FUSALMO, Alcalde Municipal de Soyapango Juan Pablo \u00c1lvarez y representantes\ndel Ministerio de Educaci\u00f3n MINED.<\/p>\n\n\n\n<p>En la sede\nFUSALMO San Miguel se llev\u00f3 a cabo el mi\u00e9rcoles 26 de febrero 2020, contando\ncon la presencia de Miguel Pereira Alcalde de San Miguel, representante del\nMINED y personal de FUSALMO en esta sede se beneficiar\u00e1n 1,083 estudiantes.<\/p>\n\n\n\n<p>Para finalizar\nla semana el viernes 28 de febrero FUSALMO Santa Ana realiz\u00f3 la inauguraci\u00f3n\noficial con la compa\u00f1\u00eda de la Sra. Alcaldesa de Santa Ana Milena de Escal\u00f3n,\nrepresentante del MINED y el Coordinador del PIJDB en Santa Ana Wilfredo\nBlanco, para estos dos a\u00f1os el programa beneficiar\u00e1 a 925 estudiantes de la\nzona occidental.<\/p>\n\n\n\n<p>Durante este\n2020 el programa trabajar\u00e1 con 20 Centros Escolares del sector p\u00fablico y con un\ntotal de 3,627 estudiantes, adem\u00e1s, cuenta con un componente formativo,\ndirigido a docentes, padres y madres de familia en las tem\u00e1ticas de\nAutocuidado, Orientaci\u00f3n familiar, Tecnolog\u00eda educativa y Formaci\u00f3n pedag\u00f3gica.<\/p>\n\n\n\n<div id=\"block-8cd1dd-ae\" class=\"wp-block-gutenbee-slideshow\" data-fade=\"true\" data-autoplay=\"true\" data-arrows=\"true\" data-dots=\"true\" data-infinite=\"true\" data-speed=\"300\" data-autoplay-speed=\"3000\" data-slides-to-show=\"1\" data-slides-to-scroll=\"1\" data-pause-on-hover=\"true\" style=\"color:#FFFFFF\" data-dots-color=\"#FFFFFF\" data-arrows-color=\"#FFFFFF\"><div class=\"gutenbee-slideshow-item\"><img decoding=\"async\" src=\"https:\/\/fusalmo.org\/wp-content\/uploads\/49591608308_ff99f2e4e8_k.jpg\" alt=\"\" data-id=\"4408\" data-link=\"https:\/\/fusalmo.org\/?attachment_id=4408\"\/><\/div><div class=\"gutenbee-slideshow-item\"><img decoding=\"async\" src=\"https:\/\/fusalmo.org\/wp-content\/uploads\/49592121296_d8506355ce_k.jpg\" alt=\"\" data-id=\"4409\" data-link=\"https:\/\/fusalmo.org\/?attachment_id=4409\"\/><\/div><div class=\"gutenbee-slideshow-item\"><img decoding=\"async\" src=\"https:\/\/fusalmo.org\/wp-content\/uploads\/49592341392_ff02151418_k.jpg\" alt=\"\" data-id=\"4410\" data-link=\"https:\/\/fusalmo.org\/?attachment_id=4410\"\/><\/div><div class=\"gutenbee-slideshow-item\"><img decoding=\"async\" src=\"https:\/\/fusalmo.org\/wp-content\/uploads\/49592347652_c032e736a8_k.jpg\" alt=\"\" data-id=\"4411\" data-link=\"https:\/\/fusalmo.org\/?attachment_id=4411\"\/><\/div><div class=\"gutenbee-slideshow-item\"><img decoding=\"async\" src=\"https:\/\/fusalmo.org\/wp-content\/uploads\/49592353027_9197f0dec4_k.jpg\" alt=\"\" data-id=\"4412\" data-link=\"https:\/\/fusalmo.org\/?attachment_id=4412\"\/><\/div><div class=\"gutenbee-slideshow-item\"><img decoding=\"async\" src=\"https:\/\/fusalmo.org\/wp-content\/uploads\/49597738231_cb4f54cf22_k.jpg\" alt=\"\" data-id=\"4413\" data-link=\"https:\/\/fusalmo.org\/?attachment_id=4413\"\/><\/div><div class=\"gutenbee-slideshow-item\"><img decoding=\"async\" src=\"https:\/\/fusalmo.org\/wp-content\/uploads\/Santa-Ana-.jpg\" alt=\"\" data-id=\"4414\" data-link=\"https:\/\/fusalmo.org\/?attachment_id=4414\"\/><\/div><div class=\"gutenbee-slideshow-item\"><img decoding=\"async\" src=\"https:\/\/fusalmo.org\/wp-content\/uploads\/Santa-Ana.jpg\" alt=\"\" data-id=\"4415\" data-link=\"https:\/\/fusalmo.org\/?attachment_id=4415\"\/><\/div><div class=\"gutenbee-slideshow-item\"><img decoding=\"async\" src=\"https:\/\/fusalmo.org\/wp-content\/uploads\/WhatsApp-Image-2020-02-25-at-11.07.00-AM.jpeg\" alt=\"\" data-id=\"4416\" data-link=\"https:\/\/fusalmo.org\/?attachment_id=4416\"\/><\/div><\/div>\n","protected":false},"excerpt":{"rendered":"<p>Lunes 24 de febrero 2020, dio inicio el Programa Integral Juvenil Don Bosco en las tres sedes FUSALMO Soyapango, San Miguel y Santa Ana, y durante la semana se realizaron los tres actos inaugurales. El martes 25 de febrero 2020, se llev\u00f3 a cabo en FUSALMO Soyapango, donde el programa beneficiara a 1,619 estudiantes, durante [&hellip;]<\/p>\n","protected":false},"author":3,"featured_media":0,"comment_status":"closed","ping_status":"closed","sticky":false,"template":"","format":"standard","meta":{"footnotes":""},"categories":[],"tags":[],"class_list":["post-4407","post","type-post","status-publish","format-standard","hentry"],"_links":{"self":[{"href":"https:\/\/fusalmo.org\/salesianos\/wp-json\/wp\/v2\/posts\/4407","targetHints":{"allow":["GET"]}}],"collection":[{"href":"https:\/\/fusalmo.org\/salesianos\/wp-json\/wp\/v2\/posts"}],"about":[{"href":"https:\/\/fusalmo.org\/salesianos\/wp-json\/wp\/v2\/types\/post"}],"author":[{"embeddable":true,"href":"https:\/\/fusalmo.org\/salesianos\/wp-json\/wp\/v2\/users\/3"}],"replies":[{"embeddable":true,"href":"https:\/\/fusalmo.org\/salesianos\/wp-json\/wp\/v2\/comments?post=4407"}],"version-history":[{"count":0,"href":"https:\/\/fusalmo.org\/salesianos\/wp-json\/wp\/v2\/posts\/4407\/revisions"}],"wp:attachment":[{"href":"https:\/\/fusalmo.org\/salesianos\/wp-json\/wp\/v2\/media?parent=4407"}],"wp:term":[{"taxonomy":"category","embeddable":true,"href":"https:\/\/fusalmo.org\/salesianos\/wp-json\/wp\/v2\/categories?post=4407"},{"taxonomy":"post_tag","embeddable":true,"href":"https:\/\/fusalmo.org\/salesianos\/wp-json\/wp\/v2\/tags?post=4407"}],"curies":[{"name":"wp","href":"https:\/\/api.w.org\/{rel}","templated":true}]}}