{"id":4543,"date":"2020-05-03T13:34:08","date_gmt":"2020-05-03T19:34:08","guid":{"rendered":"https:\/\/fusalmo.org\/?p=4543"},"modified":"2020-05-03T13:34:13","modified_gmt":"2020-05-03T19:34:13","slug":"la-crisis-actual-como-oportunidad-para-fomentar-valores","status":"publish","type":"post","link":"https:\/\/fusalmo.org\/salesianos\/la-crisis-actual-como-oportunidad-para-fomentar-valores\/","title":{"rendered":"La crisis actual como oportunidad para fomentar valores"},"content":{"rendered":"\n<p><em>Por Ada Guardado Psic\u00f3loga del Centro de Atenci\u00f3n Integral a la Familia \u2013 CAIF \u2013 de FUSALMO<\/em>  &#8211;<em>30 de abril de 2020<\/em><\/p>\n\n\n\n<p>Actualmente las familias cuentan con bastante tiempo para convivir en ese espacio f\u00edsico \u2013 que puede ser grande o peque\u00f1o, acogedor o inc\u00f3modo, pac\u00edfico o violento \u2013 pero que llaman su hogar. Lo anterior, no ha sido por elecci\u00f3n propia, sino que han debido hacerlo por la crisis generada por el brote de Coronavirus, donde sin mucha opci\u00f3n, adultos y ni\u00f1os han tenido que permanecer en casa la mayor parte del tiempo. Esta \u00e9poca, debe verse como una oportunidad para reflexionar sobre la influencia de la familia en la formaci\u00f3n de la ni\u00f1ez, ya que es precisamente del seno familiar de donde se espera que salgan adultos equilibrados y con buenas relaciones interpersonales.<\/p>\n\n\n\n<p>Pero la realidad actual tambi\u00e9n nos invita a preguntarnos sobre \u00bfQu\u00e9 est\u00e1 pasando al interior de las familias? ya que est\u00e1n ocurriendo conflictos frecuentemente y, aunque en estos \u00faltimos d\u00edas se han incrementado las discusiones de pareja, discusiones entre padres e hijos, entre hermanos o entre otros miembros de la familia; \u00e9stos no son en su totalidad resultado de la crisis, aunque seg\u00fan los expertos, el confinamiento tiene buen porcentaje de culpa. <\/p>\n\n\n\n<p>Parte de la\nrespuesta a la pregunta anterior, la encontramos en lo que ya se ha mencionado\nbastante: la familia est\u00e1 descuidando la transmisi\u00f3n de valores; y es que para\nense\u00f1ar valores no hay una receta m\u00e1gica que se pueda seguir y que garantice el\n\u00e9xito si se sigue paso a paso. La \u00fanica manera efectiva de ense\u00f1ar valores es\nla de practicarlos y transmitirlos por medio del ejemplo. Asimismo, ser congruentes\ncon nuestras palabras y nuestras acciones tambi\u00e9n ayuda para este prop\u00f3sito.\nPero lo que interesa destacar es que, aunque en tiempos de crisis los niveles\nde estr\u00e9s, ansiedad e incertidumbres aumentan y dificultan la convivencia,\ntodav\u00eda se puede practicar valores a pesar de todo, ya que lo fundamental debe\npermanecer a pesar de las circunstancias dif\u00edciles.<\/p>\n\n\n\n<p>En esta ocasi\u00f3n,\nproponemos la pr\u00e1ctica de tres valores m\u00e1s dentro del seno familiar, para hacer\nde este tiempo de cuarentena un poco m\u00e1s tolerable. Los valores son la\nsolidaridad, la corresponsabilidad y la justicia.<\/p>\n\n\n\n<p><strong>La solidaridad<\/strong>: ser solidario consiste en brindar ayuda a quien lo necesita, la pr\u00e1ctica de este valor nos invita a ir m\u00e1s all\u00e1 de nosotros y preocuparnos por los dem\u00e1s, a reconocer las necesidades de quienes tenemos cerca, pero tambi\u00e9n a actuar, para brindar apoyo a los que lo necesitan. Si vemos a nuestro alrededor, veremos que siempre hay alguien que necesita nuestra ayuda, que puede estar dentro de casa o fuera de ella, y este tiempo de crisis es buen momento para practicar este valor, por ejemplo:<\/p>\n\n\n\n<ul class=\"wp-block-list\"><li>Compartiendo\nlo que tenemos con aquellos vecinos que han perdido el trabajo;<\/li><li>Siendo\nemp\u00e1ticos con los dem\u00e1s; en lugar de criticar a quienes deben salir de casa,\ncomo las personas que salen a vender sus productos, mejor tratemos de\ncomprarles, ya que, si salen, es porque lo necesitan, es su fuente de ingresos.<\/li><li>Fomentando el\ntrabajo en equipo en las tareas de casa, para terminarlas m\u00e1s r\u00e1pido.<\/li><li>Educando a la\nni\u00f1ez para que se alegren por los logros de los otros y ense\u00f1\u00e1ndoles que pueden\ncolaborar para la obtenci\u00f3n de estos.<\/li><\/ul>\n\n\n\n<p><strong>La corresponsabilidad<\/strong>, que es\ncompartir responsabilidades con otras personas, se puede practicar de la\nsiguiente manera:<\/p>\n\n\n\n<ul class=\"wp-block-list\"><li>Cuando pap\u00e1 y\nmam\u00e1 comparten la educaci\u00f3n de los hijos, cuando ambos est\u00e1n igual de\nimplicados.<\/li><li>Cuando se deja\nde lado la idea de que hay actividades de hombres y actividades de mujeres;\ndentro de un hogar, todos somos responsables de que las cosas funcionen, por lo\ntanto, las tareas dom\u00e9sticas deben estar repartidas de forma igualitaria.<\/li><li>Potenciar las\ncapacidades de los hijos independientemente de si son ni\u00f1as o ni\u00f1os, donde se\nden las mismas posibilidades para aprender, experimentar y so\u00f1ar.<\/li><\/ul>\n\n\n\n<p>El valor de <strong>la justicia<\/strong> es un poco m\u00e1s complejo,\npudi\u00e9ndose definir como la constante y firme voluntad de dar al otro lo\nque&nbsp;se le debe dar, lo que le pertenece; poni\u00e9ndolo en el contexto del\nhogar, para llevarlo a la pr\u00e1ctica dentro de la familia, deben practicarse la\ncoherencia que es actuar acorde a lo que se piensa y la equidad que es darle a cada\nuno lo que necesita.<\/p>\n\n\n\n<p>Para finalizar,\ncabe mencionar que, si los valores son adquiridos en edades tempranas, \u00e9stos\nquedan casi siempre m\u00e1s arraigados en la estructura de la personalidad, lo cual\nhace m\u00e1s dif\u00edcil su cambio. De ah\u00ed la importancia de que la educaci\u00f3n primera\nsea lo m\u00e1s adecuada posible para cumplir con el prop\u00f3sito de brindar adultos\nequilibrados a una sociedad que necesita de manera urgente un cambio positivo y\nque mejor momento para retomar todos estos valores, que ahora que estamos\njuntos en casa.<\/p>\n","protected":false},"excerpt":{"rendered":"<p>Por Ada Guardado Psic\u00f3loga del Centro de Atenci\u00f3n Integral a la Familia \u2013 CAIF \u2013 de FUSALMO &#8211;30 de abril de 2020 Actualmente las familias cuentan con bastante tiempo para convivir en ese espacio f\u00edsico \u2013 que puede ser grande o peque\u00f1o, acogedor o inc\u00f3modo, pac\u00edfico o violento \u2013 pero que llaman su hogar. Lo [&hellip;]<\/p>\n","protected":false},"author":3,"featured_media":0,"comment_status":"closed","ping_status":"closed","sticky":false,"template":"","format":"standard","meta":{"footnotes":""},"categories":[],"tags":[],"class_list":["post-4543","post","type-post","status-publish","format-standard","hentry"],"_links":{"self":[{"href":"https:\/\/fusalmo.org\/salesianos\/wp-json\/wp\/v2\/posts\/4543","targetHints":{"allow":["GET"]}}],"collection":[{"href":"https:\/\/fusalmo.org\/salesianos\/wp-json\/wp\/v2\/posts"}],"about":[{"href":"https:\/\/fusalmo.org\/salesianos\/wp-json\/wp\/v2\/types\/post"}],"author":[{"embeddable":true,"href":"https:\/\/fusalmo.org\/salesianos\/wp-json\/wp\/v2\/users\/3"}],"replies":[{"embeddable":true,"href":"https:\/\/fusalmo.org\/salesianos\/wp-json\/wp\/v2\/comments?post=4543"}],"version-history":[{"count":0,"href":"https:\/\/fusalmo.org\/salesianos\/wp-json\/wp\/v2\/posts\/4543\/revisions"}],"wp:attachment":[{"href":"https:\/\/fusalmo.org\/salesianos\/wp-json\/wp\/v2\/media?parent=4543"}],"wp:term":[{"taxonomy":"category","embeddable":true,"href":"https:\/\/fusalmo.org\/salesianos\/wp-json\/wp\/v2\/categories?post=4543"},{"taxonomy":"post_tag","embeddable":true,"href":"https:\/\/fusalmo.org\/salesianos\/wp-json\/wp\/v2\/tags?post=4543"}],"curies":[{"name":"wp","href":"https:\/\/api.w.org\/{rel}","templated":true}]}}