{"id":5067,"date":"2020-08-13T08:21:34","date_gmt":"2020-08-13T14:21:34","guid":{"rendered":"https:\/\/fusalmo.org\/?p=5067"},"modified":"2020-08-13T08:21:36","modified_gmt":"2020-08-13T14:21:36","slug":"fusalmo-celebra-a-los-jovenes-con-su-11-a-semana-de-protagonistas","status":"publish","type":"post","link":"https:\/\/fusalmo.org\/salesianos\/fusalmo-celebra-a-los-jovenes-con-su-11-a-semana-de-protagonistas\/","title":{"rendered":"FUSALMO celebra a los j\u00f3venes con su 11. \u00aa Semana de Protagonistas"},"content":{"rendered":"\n<p>El 12 de agosto en el marco de la celebraci\u00f3n del d\u00eda internacional de la juventud FUSALMO dio inicio su 11. \u00aa Semana de Protagonistas con la inauguraci\u00f3n virtual a trav\u00e9s de la plataforma TRANSFORMA, d\u00e1ndoles un reconocimiento a j\u00f3venes l\u00edderes de FUSALMO que d\u00eda a d\u00eda innovan con sus ideas y proyectos motivan a los dem\u00e1s a potencializar sus capacidades; dando inicio as\u00ed a una semana llena de sorpresas, con diferentes actividades y recursos virtuales que promuevan el protagonismo de la ni\u00f1ez, adolescencia y juventud del pa\u00eds, los cuales se realizaran en los d\u00edas posteriores.<\/p>\n\n\n\n<p>Las actividades de la 11. \u00aa Semana de Protagonistas se realizar\u00e1n del 12 al 17 de agosto de 2020<\/p>\n\n\n\n<p>FUSALMO se caracteriza por ofrecer espacios a los j\u00f3venes y esto lo hace a trav\u00e9s de sus cuatro l\u00edneas estrat\u00e9gicas: Educaci\u00f3n Integral Liberadora, Participaci\u00f3n y Protagonismo Juvenil, Tecnolog\u00eda Educativa e Innovaci\u00f3n y Gesti\u00f3n Sociolaboral; por medio de actividades, cursos y clubes enfocados a la ni\u00f1ez y juventud salvadore\u00f1a con los componentes de: Tecnolog\u00eda, Arte, Deporte, Protagonismo Juvenil y Acompa\u00f1amiento de manera virtual.<\/p>\n\n\n\n<p>Estos son espacios dirigidos a j\u00f3venes con el objetivo propiciar la organizaci\u00f3n juvenil y el desarrollo de capacidades para la incidencia en sus comunidades de vida y educativas participando activamente en la construcci\u00f3n de pol\u00edticas de juventud a nivel local y nacional.&nbsp;<\/p>\n\n\n\n<p>Felicitaciones a todos los j\u00f3venes en su d\u00eda, estoy muy orgulloso y feliz de pertenecer a esta familia que es FUSALMO que trabaja con tanto joven; para nosotros esta semana es muy significativa porqu\u00e9 nos permite reconocer el esfuerzo que los j\u00f3venes hacen; ahora lo hacemos de manera virtual, una forma diferente pero que de igual manera nos permite que nos trasmitan esa alegr\u00eda y optimismo que los caracteriza.<\/p>\n\n\n\n<p class=\"has-text-align-right\"><strong>Nelson Cruz &#8211; Director Ejecutivo FUSALMO<\/strong><\/p>\n\n\n\n<p>Esta inauguraci\u00f3n de la 11. \u00aa Semana de Protagonistas, ha sido muy especial y distinta a cualquiera que haya vivido anteriormente ya que se presenta en medio de un panorama muy incierto para muchos, sin embargo, es muy significativa ya que en medios de todo nos muestra una luz y nos invita a nosotros los j\u00f3venes que podemos adaptarnos y ser resilientes a cualquier situaci\u00f3n por m\u00e1s dif\u00edcil que parezca.<\/p>\n\n\n\n<p class=\"has-text-align-right\"><strong>Alicia Galeas \u2013 Presidenta de Red de Juventudes FUSALMO<\/strong><\/p>\n","protected":false},"excerpt":{"rendered":"<p>El 12 de agosto en el marco de la celebraci\u00f3n del d\u00eda internacional de la juventud FUSALMO dio inicio su 11. \u00aa Semana de Protagonistas con la inauguraci\u00f3n virtual a trav\u00e9s de la plataforma TRANSFORMA, d\u00e1ndoles un reconocimiento a j\u00f3venes l\u00edderes de FUSALMO que d\u00eda a d\u00eda innovan con sus ideas y proyectos motivan a [&hellip;]<\/p>\n","protected":false},"author":3,"featured_media":0,"comment_status":"closed","ping_status":"closed","sticky":false,"template":"","format":"standard","meta":{"footnotes":""},"categories":[],"tags":[],"class_list":["post-5067","post","type-post","status-publish","format-standard","hentry"],"_links":{"self":[{"href":"https:\/\/fusalmo.org\/salesianos\/wp-json\/wp\/v2\/posts\/5067","targetHints":{"allow":["GET"]}}],"collection":[{"href":"https:\/\/fusalmo.org\/salesianos\/wp-json\/wp\/v2\/posts"}],"about":[{"href":"https:\/\/fusalmo.org\/salesianos\/wp-json\/wp\/v2\/types\/post"}],"author":[{"embeddable":true,"href":"https:\/\/fusalmo.org\/salesianos\/wp-json\/wp\/v2\/users\/3"}],"replies":[{"embeddable":true,"href":"https:\/\/fusalmo.org\/salesianos\/wp-json\/wp\/v2\/comments?post=5067"}],"version-history":[{"count":0,"href":"https:\/\/fusalmo.org\/salesianos\/wp-json\/wp\/v2\/posts\/5067\/revisions"}],"wp:attachment":[{"href":"https:\/\/fusalmo.org\/salesianos\/wp-json\/wp\/v2\/media?parent=5067"}],"wp:term":[{"taxonomy":"category","embeddable":true,"href":"https:\/\/fusalmo.org\/salesianos\/wp-json\/wp\/v2\/categories?post=5067"},{"taxonomy":"post_tag","embeddable":true,"href":"https:\/\/fusalmo.org\/salesianos\/wp-json\/wp\/v2\/tags?post=5067"}],"curies":[{"name":"wp","href":"https:\/\/api.w.org\/{rel}","templated":true}]}}