{"id":5512,"date":"2021-02-09T10:18:07","date_gmt":"2021-02-09T16:18:07","guid":{"rendered":"https:\/\/fusalmo.org\/?p=5512"},"modified":"2021-02-09T10:18:09","modified_gmt":"2021-02-09T16:18:09","slug":"fiesta-en-honor-a-san-juan-bosco","status":"publish","type":"post","link":"https:\/\/fusalmo.org\/salesianos\/fiesta-en-honor-a-san-juan-bosco\/","title":{"rendered":"FIESTA EN HONOR A SAN JUAN BOSCO"},"content":{"rendered":"\n<p>Enero es una fecha importante para la Iglesia Cat\u00f3lica y la familia Salesiana ya que se celebra la vida y ense\u00f1anzas de San Juan Bosco, padre, maestro y amigo de los j\u00f3venes; que a lo largo de su vida tom\u00f3 como ejemplo el amor del pastor por sus ovejas, guiado por la Virgen Mar\u00eda entreg\u00f3 su trabajo y dedicaci\u00f3n al bien de la Iglesia y la juventud.<\/p>\n\n\n\n<p>Durante todo el mes se desarrollaron diferentes actividades conmemorativas, siguiendo los protocolos de bioseguridad y respetando el distanciamiento social; la comunidad Salesiana se mantuvo unida, viviendo con fervor y alegr\u00eda est\u00e1 gran fiesta.<\/p>\n\n\n\n<p>Entre las actividades, se realiz\u00f3 la \u201cNovena a San Juan Bosco\u201d, cada d\u00eda de oraci\u00f3n estuvo marcado por una intensi\u00f3n especial dirigida a Don Bosco; asimismo, se llev\u00f3 a cabo la Misa de Solemnidad, que estuvo presidida el presb\u00edtero Alfonso Everestz, quien agradeci\u00f3 por la vida y providencia de San Juan Bosco, reconociendo que es una manifestaci\u00f3n de la gloria y santidad de Dios; adem\u00e1s, comparando la grandeza de Don Bosco con Mam\u00e1 Margarita una mujer valiente, que lo acompa\u00f1\u00f3 en su crecimiento, formando su car\u00e1cter, e inculc\u00e1ndole la fe; abriendo horizontes que el Esp\u00edritu Santo concretar\u00eda, d\u00e1ndole a la Iglesia y la humanidad un hombre como San Juan Bosco.<\/p>\n\n\n\n<p>Un hombre que siempre estuvo al servicio de los dem\u00e1s, fundador de la Congregaci\u00f3n Salesiana, y declarado por San Juan Pablo II \u201cPadre y Maestro de la Juventud\u201d.<\/p>\n\n\n\n<p>Para Don Bosco vivir en gracia, era dejar todo pecado, era vivir de verdad como aut\u00e9nticos hijos de Dios, por lo que, el padre Evertsz invit\u00f3 a todas las personas a seguir su ejemplo, tomando el reto de vida que Dios le concede a cada uno para trabajar con el coraz\u00f3n, coraje y esperanza, practicando la misma caridad apost\u00f3lica en b\u00fasqueda de la salvaci\u00f3n de los hermanos para servirle a Dios, guiados por los modelos de vida de Don Bosco, Mam\u00e1 Margarita y Francisco Bosco.<\/p>\n\n\n\n<p>Y para culminar, el 31 de enero se vivi\u00f3 con gran devoci\u00f3n el homenaje a San juan Bosco a nivel nacional e internacional, d\u00eda en que la Iglesia honra de forma especial la memoria de Don Bosco, que parti\u00f3 a la eternidad el 31 de enero de 1,888, y que dirigi\u00f3 sus \u00faltimas palabras a los j\u00f3venes diciendo: \u201c\u00a1Decid a mis muchachos que los espero a todos en el para\u00edso!\u201d<\/p>\n\n\n\n<div id=\"block-ff6bd4-820d-4a\" class=\"wp-block-gutenbee-slideshow block-ff6bd4-820d-4a\" data-fade=\"true\" data-autoplay=\"true\" data-arrows=\"true\" data-dots=\"true\" data-infinite=\"true\" data-speed=\"300\" data-autoplay-speed=\"3000\" data-slides-to-show=\"1\" data-slides-to-scroll=\"1\" data-pause-on-hover=\"true\" style=\"color:#FFFFFF\" data-dots-color=\"#FFFFFF\" data-arrows-color=\"#FFFFFF\"><div class=\"gutenbee-slideshow-item\"><img decoding=\"async\" src=\"https:\/\/fusalmo.org\/wp-content\/uploads\/IMG-20210129-WA0151_opt.jpg\" alt=\"\" data-id=\"5519\" data-link=\"https:\/\/fusalmo.org\/?attachment_id=5519\"\/><\/div><div class=\"gutenbee-slideshow-item\"><img decoding=\"async\" src=\"https:\/\/fusalmo.org\/wp-content\/uploads\/IMG-20210129-WA0083_opt.jpg\" alt=\"\" data-id=\"5518\" data-link=\"https:\/\/fusalmo.org\/?attachment_id=5518\"\/><\/div><div class=\"gutenbee-slideshow-item\"><img decoding=\"async\" src=\"https:\/\/fusalmo.org\/wp-content\/uploads\/IMG-20210129-WA0042_opt.jpg\" alt=\"\" data-id=\"5515\" data-link=\"https:\/\/fusalmo.org\/?attachment_id=5515\"\/><\/div><div class=\"gutenbee-slideshow-item\"><img decoding=\"async\" src=\"https:\/\/fusalmo.org\/wp-content\/uploads\/IMG-20210129-WA0045_opt.jpg\" alt=\"\" data-id=\"5516\" data-link=\"https:\/\/fusalmo.org\/?attachment_id=5516\"\/><\/div><div class=\"gutenbee-slideshow-item\"><img decoding=\"async\" src=\"https:\/\/fusalmo.org\/wp-content\/uploads\/IMG-20210129-WA0098_opt.jpg\" alt=\"\" data-id=\"5517\" data-link=\"https:\/\/fusalmo.org\/?attachment_id=5517\"\/><\/div><\/div>\n","protected":false},"excerpt":{"rendered":"<p>Enero es una fecha importante para la Iglesia Cat\u00f3lica y la familia Salesiana ya que se celebra la vida y ense\u00f1anzas de San Juan Bosco, padre, maestro y amigo de los j\u00f3venes; que a lo largo de su vida tom\u00f3 como ejemplo el amor del pastor por sus ovejas, guiado por la Virgen Mar\u00eda entreg\u00f3 [&hellip;]<\/p>\n","protected":false},"author":3,"featured_media":0,"comment_status":"closed","ping_status":"closed","sticky":false,"template":"","format":"standard","meta":{"footnotes":""},"categories":[],"tags":[],"class_list":["post-5512","post","type-post","status-publish","format-standard","hentry"],"_links":{"self":[{"href":"https:\/\/fusalmo.org\/salesianos\/wp-json\/wp\/v2\/posts\/5512","targetHints":{"allow":["GET"]}}],"collection":[{"href":"https:\/\/fusalmo.org\/salesianos\/wp-json\/wp\/v2\/posts"}],"about":[{"href":"https:\/\/fusalmo.org\/salesianos\/wp-json\/wp\/v2\/types\/post"}],"author":[{"embeddable":true,"href":"https:\/\/fusalmo.org\/salesianos\/wp-json\/wp\/v2\/users\/3"}],"replies":[{"embeddable":true,"href":"https:\/\/fusalmo.org\/salesianos\/wp-json\/wp\/v2\/comments?post=5512"}],"version-history":[{"count":0,"href":"https:\/\/fusalmo.org\/salesianos\/wp-json\/wp\/v2\/posts\/5512\/revisions"}],"wp:attachment":[{"href":"https:\/\/fusalmo.org\/salesianos\/wp-json\/wp\/v2\/media?parent=5512"}],"wp:term":[{"taxonomy":"category","embeddable":true,"href":"https:\/\/fusalmo.org\/salesianos\/wp-json\/wp\/v2\/categories?post=5512"},{"taxonomy":"post_tag","embeddable":true,"href":"https:\/\/fusalmo.org\/salesianos\/wp-json\/wp\/v2\/tags?post=5512"}],"curies":[{"name":"wp","href":"https:\/\/api.w.org\/{rel}","templated":true}]}}