{"id":5759,"date":"2021-06-23T09:56:13","date_gmt":"2021-06-23T15:56:13","guid":{"rendered":"https:\/\/fusalmo.org\/?p=5759"},"modified":"2021-06-23T09:56:15","modified_gmt":"2021-06-23T15:56:15","slug":"webinar-union-familiar-en-tiempo-de-crisis","status":"publish","type":"post","link":"https:\/\/fusalmo.org\/salesianos\/webinar-union-familiar-en-tiempo-de-crisis\/","title":{"rendered":"WEBINAR: UNI\u00d3N FAMILIAR EN TIEMPO DE CRISIS"},"content":{"rendered":"\n<p>El pasado 16 de junio del 2021 se realiz\u00f3 el webinar basado en \u201cUni\u00f3n Familiar en tiempos de Crisis\u201d en conmemoraci\u00f3n al \u201cD\u00eda de la familia\u201d, celebrado el 15 de mayo, dirigido por Ana Julia Osorio. Ella nos coment\u00f3 que la Fundaci\u00f3n FUSALMO, hoy por hoy estamos celebrando los 20 a\u00f1os de trabajo y trayectoria al servicio de la ni\u00f1ez, y juventud salvadore\u00f1a. Como obra salesiana, estamos realizando diferentes actividades en el marco de este importante logro de la fundaci\u00f3n.<\/p>\n\n\n\n<p>Este webinar es una iniciativa en base al programa der las jornadas familiares, en donde todos los s\u00e1bados por las tardes se re\u00fanen las familias en las sedes de FUSALMO Soyapango, Santa Ana y San Miguel, para disfrutar diferentes actividades, recreativas, como deportes, Arte, y tecnolog\u00eda. Emerson Recinos, psic\u00f3logo cl\u00ednico quien es parte del equipo multidisciplinario de la cl\u00ednica psicolog\u00eda y bienestar, nos habla m\u00e1s afondo\u00a0 del tema \u00a0\u201cUni\u00f3n familiar en tiempo de crisis\u201d Emerson Recinos nos explica que primero se debe de ver qu\u00e9 rol ocupan los miembros del hogar, si es madre, padre, hermano, hijos etc. en donde van a interactuar y convivir, en esa acci\u00f3n habr\u00e1 diferentes puntos de vista o de pensar, es probable que suceda una disputa o un desacuerdo a lo dicho, es normal, pero se puede notar un alto grado discusiones\u00a0 \u00a0en las familias en donde hay hijos adolescentes, que es por la etapa de la rebeld\u00eda. Muchas veces a ellos se les dificulta seguir reglas o temas de asuntos disciplinarios, puesto que por pensar diferente no quiere decir que no habr\u00e1 una buena convivencia familiar porque lo importante en esto es comprenderlos para poder aprender a convivir en armon\u00eda creando estrategias. En otras palabras, los padres de familia son los encargados o responsables de dirigir a sus hijos, en este caso ellos son un modelo de aprendizaje para su futuro por eso se en marca muy bien la frase inicial \u201cLa Importancia de una familia no es vivir juntos, sino estar unidos\u201d.<\/p>\n\n\n\n<p>Emerson Recinos a conseja a las familias como afrontar estos tiempos de crisis, siendo asertivos en la comunicaci\u00f3n, el saber escuchar al hijo, al hermano. Como pap\u00e1s es necesario sentarse y preg\u00fantale a los hijos \u00bfc\u00f3mo est\u00e1n?, \u00bfC\u00f3mo ha estado su d\u00eda?<\/p>\n\n\n\n<p>como FUSALMO es importante llevarles esta informaci\u00f3n a las familias salvadore\u00f1as, nos interesa ese bienestar y que puedan seguir los conejos de nuestro amigo y Doctor Emerson Recinos. Invitamos a todos que puedan visitar nuestras redes sociales y as\u00ed mismo a las jornadas familiares que se realizan todos los s\u00e1bados en nuestras sedes de FUSALMO Soyapango, San Miguel y \u00a0Santa Ana.<\/p>\n\n\n\n<div id=\"block-78f433-09d8-4d\" class=\"wp-block-gutenbee-slideshow block-78f433-09d8-4d\" data-fade=\"true\" data-autoplay=\"true\" data-arrows=\"true\" data-dots=\"true\" data-infinite=\"true\" data-speed=\"300\" data-autoplay-speed=\"3000\" data-slides-to-show=\"1\" data-slides-to-scroll=\"1\" data-pause-on-hover=\"true\" style=\"color:#FFFFFF\" data-dots-color=\"#FFFFFF\" data-arrows-color=\"#FFFFFF\"><div class=\"gutenbee-slideshow-item\"><img decoding=\"async\" src=\"https:\/\/fusalmo.org\/wp-content\/uploads\/1-12.png\" alt=\"\" data-id=\"5761\" data-link=\"https:\/\/fusalmo.org\/?attachment_id=5761\"\/><\/div><div class=\"gutenbee-slideshow-item\"><img decoding=\"async\" src=\"https:\/\/fusalmo.org\/wp-content\/uploads\/2-12.png\" alt=\"\" data-id=\"5762\" data-link=\"https:\/\/fusalmo.org\/?attachment_id=5762\"\/><\/div><div class=\"gutenbee-slideshow-item\"><img decoding=\"async\" src=\"https:\/\/fusalmo.org\/wp-content\/uploads\/3-13.png\" alt=\"\" data-id=\"5763\" data-link=\"https:\/\/fusalmo.org\/?attachment_id=5763\"\/><\/div><div class=\"gutenbee-slideshow-item\"><img decoding=\"async\" src=\"https:\/\/fusalmo.org\/wp-content\/uploads\/poratada-1.png\" alt=\"\" data-id=\"5764\" data-link=\"https:\/\/fusalmo.org\/?attachment_id=5764\"\/><\/div><\/div>\n","protected":false},"excerpt":{"rendered":"<p>El pasado 16 de junio del 2021 se realiz\u00f3 el webinar basado en \u201cUni\u00f3n Familiar en tiempos de Crisis\u201d en conmemoraci\u00f3n al \u201cD\u00eda de la familia\u201d, celebrado el 15 de mayo, dirigido por Ana Julia Osorio. Ella nos coment\u00f3 que la Fundaci\u00f3n FUSALMO, hoy por hoy estamos celebrando los 20 a\u00f1os de trabajo y trayectoria [&hellip;]<\/p>\n","protected":false},"author":3,"featured_media":0,"comment_status":"closed","ping_status":"closed","sticky":false,"template":"","format":"standard","meta":{"footnotes":""},"categories":[],"tags":[],"class_list":["post-5759","post","type-post","status-publish","format-standard","hentry"],"_links":{"self":[{"href":"https:\/\/fusalmo.org\/salesianos\/wp-json\/wp\/v2\/posts\/5759","targetHints":{"allow":["GET"]}}],"collection":[{"href":"https:\/\/fusalmo.org\/salesianos\/wp-json\/wp\/v2\/posts"}],"about":[{"href":"https:\/\/fusalmo.org\/salesianos\/wp-json\/wp\/v2\/types\/post"}],"author":[{"embeddable":true,"href":"https:\/\/fusalmo.org\/salesianos\/wp-json\/wp\/v2\/users\/3"}],"replies":[{"embeddable":true,"href":"https:\/\/fusalmo.org\/salesianos\/wp-json\/wp\/v2\/comments?post=5759"}],"version-history":[{"count":0,"href":"https:\/\/fusalmo.org\/salesianos\/wp-json\/wp\/v2\/posts\/5759\/revisions"}],"wp:attachment":[{"href":"https:\/\/fusalmo.org\/salesianos\/wp-json\/wp\/v2\/media?parent=5759"}],"wp:term":[{"taxonomy":"category","embeddable":true,"href":"https:\/\/fusalmo.org\/salesianos\/wp-json\/wp\/v2\/categories?post=5759"},{"taxonomy":"post_tag","embeddable":true,"href":"https:\/\/fusalmo.org\/salesianos\/wp-json\/wp\/v2\/tags?post=5759"}],"curies":[{"name":"wp","href":"https:\/\/api.w.org\/{rel}","templated":true}]}}