{"id":7168,"date":"2022-02-08T13:47:00","date_gmt":"2022-02-08T19:47:00","guid":{"rendered":"https:\/\/fusalmo.org\/?p=7168"},"modified":"2022-02-14T08:10:47","modified_gmt":"2022-02-14T14:10:47","slug":"comite-de-comunicaciones-recibe-capacitacion-en-manejo-de-redes-sociales-por-parte-de-la-inspectoria-salesiana","status":"publish","type":"post","link":"https:\/\/fusalmo.org\/salesianos\/comite-de-comunicaciones-recibe-capacitacion-en-manejo-de-redes-sociales-por-parte-de-la-inspectoria-salesiana\/","title":{"rendered":"Comit\u00e9 de Comunicaciones recibe capacitaci\u00f3n en Manejo de Redes Sociales por parte de la Inspector\u00eda Salesiana"},"content":{"rendered":"\n<p>El martes 8 de febrero de 2022, el equipo de Comunicaciones de la Inspector\u00eda Salesiana de Centroam\u00e9rica imparti\u00f3 una capacitaci\u00f3n en manejo de redes sociales al Comit\u00e9 de Comunicaciones de FUSALMO, con el objetivo de formar a dicho equipo y lograr establecer herramientas de mejora constante en la divulgaci\u00f3n de contenido institucional.<\/p>\n\n\n\n<p>La capacitaci\u00f3n a la cual asistieron 15 personas, fue impartida v\u00eda Zoom por Zaida Navarrete, Alejandra Rodr\u00edguez y Luc\u00eda Landaverde quienes abordaron los temas como generaci\u00f3n y producci\u00f3n de contenidos en las plataformas como Facebook, Twitter e Instagram.<\/p>\n\n\n\n<p>Al inicio de la capacitaci\u00f3n, Zaida Navarrete comparti\u00f3 la historia de c\u00f3mo nace el Bolet\u00edn Salesiano y la estructura dentro de la Inspector\u00eda Salesiana y tambi\u00e9n destac\u00f3 la importancia de trabajar con un mismo objetivo y uni\u00f3n en la organizaci\u00f3n a la que pertenecemos.<\/p>\n\n\n\n<p>De acuerdo con la Coordinadora de Comunicaci\u00f3n en El Salvador, Alejandra Rodr\u00edguez es importante conocer c\u00f3mo manejar nuestras redes sociales y que contenido ofrecer a la audiencia de ellas, por lo tanto, brind\u00f3 conocimientos referentes a que comunicar y lo importante que es utilizarlas correctamente.<\/p>\n\n\n\n<p>Asimismo, Luc\u00eda Landaverde ofreci\u00f3 a los participantes herramientas de marketing digital para potenciar las publicaciones y realizarlas de manera m\u00e1s din\u00e1mica y profesional.<\/p>\n\n\n\n<p>Al finalizar, las expositoras dieron respuesta a diversas preguntas de los asistentes, y se les agradeci\u00f3 por su tiempo y el conocimiento dado durante la reuni\u00f3n.<\/p>\n\n\n\n<div id=\"block-624cf1-fc2c-4e\" class=\"wp-block-gutenbee-slideshow block-624cf1-fc2c-4e\" data-fade=\"true\" data-autoplay=\"true\" data-arrows=\"true\" data-dots=\"true\" data-infinite=\"true\" data-speed=\"300\" data-autoplay-speed=\"3000\" data-slides-to-show=\"1\" data-slides-to-scroll=\"1\" data-pause-on-hover=\"true\" style=\"color:#FFFFFF\" data-dots-color=\"#FFFFFF\" data-arrows-color=\"#FFFFFF\"><div class=\"gutenbee-slideshow-item\"><img decoding=\"async\" src=\"https:\/\/fusalmo.org\/wp-content\/uploads\/Screenshot_2.jpg\" alt=\"\" data-id=\"7173\" data-link=\"https:\/\/fusalmo.org\/?attachment_id=7173\"\/><\/div><div class=\"gutenbee-slideshow-item\"><img decoding=\"async\" src=\"https:\/\/fusalmo.org\/wp-content\/uploads\/CAPACITACION-4.jpg\" alt=\"\" data-id=\"7172\" data-link=\"https:\/\/fusalmo.org\/?attachment_id=7172\"\/><\/div><div class=\"gutenbee-slideshow-item\"><img decoding=\"async\" src=\"https:\/\/fusalmo.org\/wp-content\/uploads\/CAPACITACION-2.jpg\" alt=\"\" data-id=\"7171\" data-link=\"https:\/\/fusalmo.org\/?attachment_id=7171\"\/><\/div><div class=\"gutenbee-slideshow-item\"><img decoding=\"async\" src=\"https:\/\/fusalmo.org\/wp-content\/uploads\/CAPACITACION-1.jpg\" alt=\"\" data-id=\"7170\" data-link=\"https:\/\/fusalmo.org\/?attachment_id=7170\"\/><\/div><\/div>\n","protected":false},"excerpt":{"rendered":"<p>El martes 8 de febrero de 2022, el equipo de Comunicaciones de la Inspector\u00eda Salesiana de Centroam\u00e9rica imparti\u00f3 una capacitaci\u00f3n en manejo de redes sociales al Comit\u00e9 de Comunicaciones de FUSALMO, con el objetivo de formar a dicho equipo y lograr establecer herramientas de mejora constante en la divulgaci\u00f3n de contenido institucional. La capacitaci\u00f3n a [&hellip;]<\/p>\n","protected":false},"author":3,"featured_media":0,"comment_status":"closed","ping_status":"closed","sticky":false,"template":"","format":"standard","meta":{"footnotes":""},"categories":[],"tags":[],"class_list":["post-7168","post","type-post","status-publish","format-standard","hentry"],"_links":{"self":[{"href":"https:\/\/fusalmo.org\/salesianos\/wp-json\/wp\/v2\/posts\/7168","targetHints":{"allow":["GET"]}}],"collection":[{"href":"https:\/\/fusalmo.org\/salesianos\/wp-json\/wp\/v2\/posts"}],"about":[{"href":"https:\/\/fusalmo.org\/salesianos\/wp-json\/wp\/v2\/types\/post"}],"author":[{"embeddable":true,"href":"https:\/\/fusalmo.org\/salesianos\/wp-json\/wp\/v2\/users\/3"}],"replies":[{"embeddable":true,"href":"https:\/\/fusalmo.org\/salesianos\/wp-json\/wp\/v2\/comments?post=7168"}],"version-history":[{"count":0,"href":"https:\/\/fusalmo.org\/salesianos\/wp-json\/wp\/v2\/posts\/7168\/revisions"}],"wp:attachment":[{"href":"https:\/\/fusalmo.org\/salesianos\/wp-json\/wp\/v2\/media?parent=7168"}],"wp:term":[{"taxonomy":"category","embeddable":true,"href":"https:\/\/fusalmo.org\/salesianos\/wp-json\/wp\/v2\/categories?post=7168"},{"taxonomy":"post_tag","embeddable":true,"href":"https:\/\/fusalmo.org\/salesianos\/wp-json\/wp\/v2\/tags?post=7168"}],"curies":[{"name":"wp","href":"https:\/\/api.w.org\/{rel}","templated":true}]}}