{"id":8052,"date":"2022-08-16T15:02:46","date_gmt":"2022-08-16T21:02:46","guid":{"rendered":"https:\/\/fusalmo.org\/?p=8052"},"modified":"2022-08-24T12:10:34","modified_gmt":"2022-08-24T18:10:34","slug":"aniversario-don-bosco","status":"publish","type":"post","link":"https:\/\/fusalmo.org\/salesianos\/aniversario-don-bosco\/","title":{"rendered":"Aniversario Don Bosco"},"content":{"rendered":"\n<p><strong><em>\u201cM\u00e1s de dos siglos despu\u00e9s, Don Bosco sigue siendo fuente de inspiraci\u00f3n\u201d<\/em><\/strong><\/p>\n\n\n\n<p>La Familia Salesiana recuerda y celebra su legado, vigente y de plena actualidad, 207 a\u00f1os despu\u00e9s de su nacimiento su sue\u00f1o sigue vivo, inspirando, motivando y beneficiando a los ni\u00f1os, ni\u00f1as y j\u00f3venes m\u00e1s desfavorecidos, a trav\u00e9s de programas, proyectos y actividades que enriquecen su alma y su vida.<\/p>\n\n\n\n<p>FUSALMO, se une con j\u00fabilo para conmemorar el aniversario de Don Bosco, el martes 16 de agosto, por medio de una misa que se llev\u00f3 a cabo en las instalaciones de la Fundaci\u00f3n en Soyapango, presidida por el Padre Pierre M. Vitelli, Presidente de FUSALMO.<\/p>\n\n\n\n<p>La misa cont\u00f3 con la presencia de empleados, amigos y colaboradores de la Fundaci\u00f3n, adem\u00e1s, fue transmitida de manera simult\u00e1nea para nuestras sedes de San Miguel, Santa Ana y Centro Cultural.<\/p>\n\n\n\n<p>Para la familia FUSALMO, la ocasi\u00f3n es triplemente especial, ya que tambi\u00e9n se celebra el 21 aniversario de la creaci\u00f3n de FUSALMO y el d\u00eda del empleado FUSALMO.<\/p>\n\n\n\n<div id=\"block-405318-ab8d-48\" class=\"wp-block-gutenbee-slideshow block-405318-ab8d-48\" data-fade=\"true\" data-autoplay=\"true\" data-arrows=\"true\" data-dots=\"true\" data-infinite=\"true\" data-speed=\"300\" data-autoplay-speed=\"3000\" data-slides-to-show=\"1\" data-slides-to-scroll=\"1\" data-pause-on-hover=\"true\" style=\"color:#FFFFFF\" data-dots-color=\"#FFFFFF\" data-arrows-color=\"#FFFFFF\"><div class=\"gutenbee-slideshow-item\"><img decoding=\"async\" src=\"https:\/\/fusalmo.org\/wp-content\/uploads\/52289391842_5d09f10e18_o-1-min-scaled.jpg\" alt=\"\" data-id=\"8054\" data-link=\"https:\/\/fusalmo.org\/aniversario-don-bosco\/52289391842_5d09f10e18_o-1-min\/\"\/><\/div><div class=\"gutenbee-slideshow-item\"><img decoding=\"async\" src=\"https:\/\/fusalmo.org\/wp-content\/uploads\/52289392367_4162712ef0_o-min-scaled.jpg\" alt=\"\" data-id=\"8055\" data-link=\"https:\/\/fusalmo.org\/aniversario-don-bosco\/52289392367_4162712ef0_o-min\/\"\/><\/div><div class=\"gutenbee-slideshow-item\"><img decoding=\"async\" src=\"https:\/\/fusalmo.org\/wp-content\/uploads\/52290849470_c4cf98b6dd_o-min-scaled.jpg\" alt=\"\" data-id=\"8057\" data-link=\"https:\/\/fusalmo.org\/aniversario-don-bosco\/52290849470_c4cf98b6dd_o-min\/\"\/><\/div><\/div>\n","protected":false},"excerpt":{"rendered":"<p>\u201cM\u00e1s de dos siglos despu\u00e9s, Don Bosco sigue siendo fuente de inspiraci\u00f3n\u201d La Familia Salesiana recuerda y celebra su legado, vigente y de plena actualidad, 207 a\u00f1os despu\u00e9s de su nacimiento su sue\u00f1o sigue vivo, inspirando, motivando y beneficiando a los ni\u00f1os, ni\u00f1as y j\u00f3venes m\u00e1s desfavorecidos, a trav\u00e9s de programas, proyectos y actividades que [&hellip;]<\/p>\n","protected":false},"author":3,"featured_media":0,"comment_status":"closed","ping_status":"closed","sticky":false,"template":"","format":"standard","meta":{"footnotes":""},"categories":[],"tags":[],"class_list":["post-8052","post","type-post","status-publish","format-standard","hentry"],"_links":{"self":[{"href":"https:\/\/fusalmo.org\/salesianos\/wp-json\/wp\/v2\/posts\/8052","targetHints":{"allow":["GET"]}}],"collection":[{"href":"https:\/\/fusalmo.org\/salesianos\/wp-json\/wp\/v2\/posts"}],"about":[{"href":"https:\/\/fusalmo.org\/salesianos\/wp-json\/wp\/v2\/types\/post"}],"author":[{"embeddable":true,"href":"https:\/\/fusalmo.org\/salesianos\/wp-json\/wp\/v2\/users\/3"}],"replies":[{"embeddable":true,"href":"https:\/\/fusalmo.org\/salesianos\/wp-json\/wp\/v2\/comments?post=8052"}],"version-history":[{"count":0,"href":"https:\/\/fusalmo.org\/salesianos\/wp-json\/wp\/v2\/posts\/8052\/revisions"}],"wp:attachment":[{"href":"https:\/\/fusalmo.org\/salesianos\/wp-json\/wp\/v2\/media?parent=8052"}],"wp:term":[{"taxonomy":"category","embeddable":true,"href":"https:\/\/fusalmo.org\/salesianos\/wp-json\/wp\/v2\/categories?post=8052"},{"taxonomy":"post_tag","embeddable":true,"href":"https:\/\/fusalmo.org\/salesianos\/wp-json\/wp\/v2\/tags?post=8052"}],"curies":[{"name":"wp","href":"https:\/\/api.w.org\/{rel}","templated":true}]}}