{"id":8436,"date":"2022-12-10T11:28:24","date_gmt":"2022-12-10T17:28:24","guid":{"rendered":"https:\/\/fusalmo.org\/?p=8436"},"modified":"2022-12-10T11:31:18","modified_gmt":"2022-12-10T17:31:18","slug":"presidenta-de-la-red-de-juventudes-fusalmo-destaca-en-el-foro-internacional-de-la-juventud-en-alemania","status":"publish","type":"post","link":"https:\/\/fusalmo.org\/salesianos\/presidenta-de-la-red-de-juventudes-fusalmo-destaca-en-el-foro-internacional-de-la-juventud-en-alemania\/","title":{"rendered":"<strong>Presidenta de la Red de Juventudes FUSALMO destaca en el Foro Internacional de la Juventud en Alemania.<\/strong>"},"content":{"rendered":"\n<p>El pasado noviembre, Alicia Galeas, Presidenta de la Red de Juventudes FUSALMO y representante del Programa CaPaz en Centroam\u00e9rica, particip\u00f3 en la primera edici\u00f3n del Foro Internacional de la Juventud, en Berl\u00edn, Alemania.&nbsp; Dicho encuentro permiti\u00f3 que j\u00f3venes de 22 pa\u00edses compartieran en torno a las visiones que como juventudes tienen respecto al futuro, espacios que tambi\u00e9n propician el intercambio de culturas entre los participantes.<\/p>\n\n\n\n<p>El foro organizado por el Ministerio Federal de Cooperaci\u00f3n Econ\u00f3mica y Desarrollo de Alemania (BMZ) y de su Consejo Juvenil, teniendo como objetivo conocer las perspectivas y el trabajo de las juventudes en la cual la Cooperaci\u00f3n Alemana trabaja alrededor del mundo. Adem\u00e1s de generar estrategias y recomendaciones para que el BMZ fortalezca su accionar en los pa\u00edses de cooperaci\u00f3n.<\/p>\n\n\n\n<p>Los 22 participantes, de pa\u00edses como M\u00e9xico, Per\u00fa, Honduras, Camboya, Kenia, Nigeria, Kirguist\u00e1n, Uganda, Georgia, Zimbabue, Filipinas, Libia, Sri Lanka, Tailandia, Benin, Kazajist\u00e1n y El Salvador, expusieron su trabajo en voluntario y la participaci\u00f3n juvenil en cada uno de los pa\u00edses. Alicia destaca sobre involucramiento en la toma de decisiones y el empoderamiento a los j\u00f3venes, hablando de su experiencia con FUSALMO, de su rol dentro de la Red de Juventudes, adem\u00e1s de su involucramiento con la Cooperaci\u00f3n Alemana GIZ como Joven Embajadora de El Salvador, en el programa CaPaz, compartiendo el mensaje: \u201clas juventudes no somos figuras decorativas, sino que tenemos la capacidad de incidir y tomar decisiones, somos comprometidos y responsables recalcando la importancia de generar espacios de participaci\u00f3n juvenil\u201d.<\/p>\n\n\n\n<p>Luego de una semana de participaciones en temas como: Crisis ambiental, lucha y justicia social, lucha contra el conflicto y violencia y construcci\u00f3n de la paz, los j\u00f3venes realizaron la presentaci\u00f3n de la formulaci\u00f3n de recomendaciones para la Cooperaci\u00f3n Alemana al Desarrollo, siendo Alicia una de las seleccionas para participar en una charla de la juventud con la Ministra Svenja Schulze, como representante de Latinoam\u00e9rica, presentando sus recomendaciones en el \u00e1rea de educaci\u00f3n para el desarrollo sostenible en temas como el cambio clim\u00e1tico, justicia social, g\u00e9nero.<\/p>\n\n\n\n<p>Esta enriquecedora experiencia da a conocer el trabajo de las juventudes alrededor del mundo, brindando una perspectiva m\u00e1s amplia respecto a la participaci\u00f3n juvenil y las formas de expresi\u00f3n que contribuye al desarrollo de la Red de Juventudes FUSALMO en el liderazgo de espacios para que los j\u00f3venes sean escuchados y tomadores de decisiones.<\/p>\n\n\n\n<div aria-label=\"Carousel Gallery\" class=\"wp-block-coblocks-gallery-carousel alignfull\"><div class=\"coblocks-gallery-carousel-swiper-container is-cropped coblocks-gallery has-caption-style-dark has-horizontal-gutter has-lightbox\"><div class=\"has-carousel has-carousel-lrg swiper-container \" data-swiper=\"{&quot;alignCells&quot;:false,&quot;autoPlay&quot;:true,&quot;autoPlaySpeed&quot;:3000,&quot;draggable&quot;:false,&quot;freeMode&quot;:false,&quot;loop&quot;:true,&quot;navigation&quot;:true,&quot;pageDots&quot;:false,&quot;pauseHover&quot;:false,&quot;responsiveHeight&quot;:false,&quot;slidesPerView&quot;:2,&quot;thumbnails&quot;:true,&quot;uuid&quot;:&quot;12345&quot;}\" id=\"12345\" style=\"height:400px\"><div class=\"swiper-wrapper\"><div class=\"swiper-slide\"><div class=\"coblocks-gallery--item\" role=\"button\" tabindex=\"0\"><figure class=\"coblocks-gallery--figure has-margin-left-5 has-margin-left-mobile-5 has-margin-right-5 has-margin-right-mobile-5\"><img decoding=\"async\" alt=\"\" class=\"wp-image-8445\" data-id=\"8445\" data-link=\"https:\/\/fusalmo.org\/?attachment_id=8445\" src=\"https:\/\/fusalmo.org\/wp-content\/uploads\/IMG_20221122_111043-scaled.jpg\"\/><\/figure><figcaption class=\"coblocks-gallery--caption coblocks-gallery--primary-caption\"><\/figcaption><\/div><\/div><div class=\"swiper-slide\"><div class=\"coblocks-gallery--item\" role=\"button\" tabindex=\"1\"><figure class=\"coblocks-gallery--figure has-margin-left-5 has-margin-left-mobile-5 has-margin-right-5 has-margin-right-mobile-5\"><img decoding=\"async\" alt=\"\" class=\"wp-image-8446\" data-id=\"8446\" data-link=\"https:\/\/fusalmo.org\/?attachment_id=8446\" src=\"https:\/\/fusalmo.org\/wp-content\/uploads\/IMG_20221122_111218-1-scaled.jpg\"\/><\/figure><figcaption class=\"coblocks-gallery--caption coblocks-gallery--primary-caption\"><\/figcaption><\/div><\/div><div class=\"swiper-slide\"><div class=\"coblocks-gallery--item\" role=\"button\" tabindex=\"2\"><figure class=\"coblocks-gallery--figure has-margin-left-5 has-margin-left-mobile-5 has-margin-right-5 has-margin-right-mobile-5\"><img decoding=\"async\" alt=\"\" class=\"wp-image-8447\" data-id=\"8447\" data-link=\"https:\/\/fusalmo.org\/?attachment_id=8447\" src=\"https:\/\/fusalmo.org\/wp-content\/uploads\/IMG_20221122_190915-1-scaled.jpg\"\/><\/figure><figcaption class=\"coblocks-gallery--caption coblocks-gallery--primary-caption\"><\/figcaption><\/div><\/div><div class=\"swiper-slide\"><div class=\"coblocks-gallery--item\" role=\"button\" tabindex=\"3\"><figure class=\"coblocks-gallery--figure has-margin-left-5 has-margin-left-mobile-5 has-margin-right-5 has-margin-right-mobile-5\"><img decoding=\"async\" alt=\"\" class=\"wp-image-8448\" data-id=\"8448\" data-link=\"https:\/\/fusalmo.org\/?attachment_id=8448\" src=\"https:\/\/fusalmo.org\/wp-content\/uploads\/IMG_20221123_131004-scaled.jpg\"\/><\/figure><figcaption class=\"coblocks-gallery--caption coblocks-gallery--primary-caption\"><\/figcaption><\/div><\/div><div class=\"swiper-slide\"><div class=\"coblocks-gallery--item\" role=\"button\" tabindex=\"4\"><figure class=\"coblocks-gallery--figure has-margin-left-5 has-margin-left-mobile-5 has-margin-right-5 has-margin-right-mobile-5\"><img decoding=\"async\" alt=\"\" class=\"wp-image-8450\" data-id=\"8450\" data-link=\"https:\/\/fusalmo.org\/presidenta-de-la-red-de-juventudes-fusalmo-destaca-en-el-foro-internacional-de-la-juventud-en-alemania\/img_20221126_143527\/\" src=\"https:\/\/fusalmo.org\/wp-content\/uploads\/IMG_20221126_143527-scaled.jpg\"\/><\/figure><figcaption class=\"coblocks-gallery--caption coblocks-gallery--primary-caption\"><\/figcaption><\/div><\/div><div class=\"swiper-slide\"><div class=\"coblocks-gallery--item\" role=\"button\" tabindex=\"5\"><figure class=\"coblocks-gallery--figure has-margin-left-5 has-margin-left-mobile-5 has-margin-right-5 has-margin-right-mobile-5\"><img decoding=\"async\" alt=\"\" class=\"wp-image-8451\" data-id=\"8451\" data-link=\"https:\/\/fusalmo.org\/presidenta-de-la-red-de-juventudes-fusalmo-destaca-en-el-foro-internacional-de-la-juventud-en-alemania\/img-20221123-wa0083-1\/\" src=\"https:\/\/fusalmo.org\/wp-content\/uploads\/IMG-20221123-WA0083-1.jpg\"\/><\/figure><figcaption class=\"coblocks-gallery--caption coblocks-gallery--primary-caption\"><\/figcaption><\/div><\/div><div class=\"swiper-slide\"><div class=\"coblocks-gallery--item\" role=\"button\" tabindex=\"6\"><figure class=\"coblocks-gallery--figure has-margin-left-5 has-margin-left-mobile-5 has-margin-right-5 has-margin-right-mobile-5\"><img decoding=\"async\" alt=\"\" class=\"wp-image-8452\" data-id=\"8452\" data-link=\"https:\/\/fusalmo.org\/presidenta-de-la-red-de-juventudes-fusalmo-destaca-en-el-foro-internacional-de-la-juventud-en-alemania\/img-20221124-wa0035\/\" src=\"https:\/\/fusalmo.org\/wp-content\/uploads\/IMG-20221124-WA0035.jpg\"\/><\/figure><figcaption class=\"coblocks-gallery--caption coblocks-gallery--primary-caption\"><\/figcaption><\/div><\/div><div class=\"swiper-slide\"><div class=\"coblocks-gallery--item\" role=\"button\" tabindex=\"7\"><figure class=\"coblocks-gallery--figure has-margin-left-5 has-margin-left-mobile-5 has-margin-right-5 has-margin-right-mobile-5\"><img decoding=\"async\" alt=\"\" class=\"wp-image-8453\" data-id=\"8453\" data-link=\"https:\/\/fusalmo.org\/presidenta-de-la-red-de-juventudes-fusalmo-destaca-en-el-foro-internacional-de-la-juventud-en-alemania\/img-20221125-wa0046-1\/\" src=\"https:\/\/fusalmo.org\/wp-content\/uploads\/IMG-20221125-WA0046-1.jpg\"\/><\/figure><figcaption class=\"coblocks-gallery--caption coblocks-gallery--primary-caption\"><\/figcaption><\/div><\/div><div class=\"swiper-slide\"><div class=\"coblocks-gallery--item\" role=\"button\" tabindex=\"8\"><figure class=\"coblocks-gallery--figure has-margin-left-5 has-margin-left-mobile-5 has-margin-right-5 has-margin-right-mobile-5\"><img decoding=\"async\" alt=\"\" class=\"wp-image-8454\" data-id=\"8454\" data-link=\"https:\/\/fusalmo.org\/presidenta-de-la-red-de-juventudes-fusalmo-destaca-en-el-foro-internacional-de-la-juventud-en-alemania\/img-20221128-wa0010\/\" src=\"https:\/\/fusalmo.org\/wp-content\/uploads\/IMG-20221128-WA0010.jpg\"\/><\/figure><figcaption class=\"coblocks-gallery--caption coblocks-gallery--primary-caption\"><\/figcaption><\/div><\/div><div class=\"swiper-slide\"><div class=\"coblocks-gallery--item\" role=\"button\" tabindex=\"9\"><figure class=\"coblocks-gallery--figure has-margin-left-5 has-margin-left-mobile-5 has-margin-right-5 has-margin-right-mobile-5\"><img decoding=\"async\" alt=\"\" class=\"wp-image-8455\" data-id=\"8455\" data-link=\"https:\/\/fusalmo.org\/presidenta-de-la-red-de-juventudes-fusalmo-destaca-en-el-foro-internacional-de-la-juventud-en-alemania\/img-20221129-wa0003\/\" src=\"https:\/\/fusalmo.org\/wp-content\/uploads\/IMG-20221129-WA0003.jpg\"\/><\/figure><figcaption class=\"coblocks-gallery--caption coblocks-gallery--primary-caption\"><\/figcaption><\/div><\/div><div class=\"swiper-slide\"><div class=\"coblocks-gallery--item\" role=\"button\" tabindex=\"10\"><figure class=\"coblocks-gallery--figure has-margin-left-5 has-margin-left-mobile-5 has-margin-right-5 has-margin-right-mobile-5\"><img decoding=\"async\" alt=\"\" class=\"wp-image-8456\" data-id=\"8456\" data-link=\"https:\/\/fusalmo.org\/presidenta-de-la-red-de-juventudes-fusalmo-destaca-en-el-foro-internacional-de-la-juventud-en-alemania\/whatsapp-image-2022-12-01-at-2-05-13-pm-1\/\" src=\"https:\/\/fusalmo.org\/wp-content\/uploads\/WhatsApp-Image-2022-12-01-at-2.05.13-PM-1.jpeg\"\/><\/figure><figcaption class=\"coblocks-gallery--caption coblocks-gallery--primary-caption\"><\/figcaption><\/div><\/div><div class=\"swiper-slide\"><div class=\"coblocks-gallery--item\" role=\"button\" tabindex=\"11\"><figure class=\"coblocks-gallery--figure has-margin-left-5 has-margin-left-mobile-5 has-margin-right-5 has-margin-right-mobile-5\"><img decoding=\"async\" alt=\"\" class=\"wp-image-8457\" data-id=\"8457\" data-link=\"https:\/\/fusalmo.org\/presidenta-de-la-red-de-juventudes-fusalmo-destaca-en-el-foro-internacional-de-la-juventud-en-alemania\/whatsapp-image-2022-12-01-at-2-05-55-pm\/\" src=\"https:\/\/fusalmo.org\/wp-content\/uploads\/WhatsApp-Image-2022-12-01-at-2.05.55-PM.jpeg\"\/><\/figure><figcaption class=\"coblocks-gallery--caption coblocks-gallery--primary-caption\"><\/figcaption><\/div><\/div><\/div><button class=\"nav-button__prev\" id=\"12345-prev\"><svg class=\"icon\" style=\"transform:rotate(180deg)\"><\/svg><\/button><button class=\"nav-button__next\" id=\"12345-next\"><svg class=\"icon\"><\/svg><\/button><\/div><div class=\"wp-block-coblocks-gallery-carousel-thumbnail-pagination has-margin-top-5 has-margin-top-mobile-5\"><button aria-label=\"gallery thumbnail\" class=\"wp-block-coblocks-gallery-carousel-thumbnail wp-block-coblocks-gallery-carousel-thumbnail-0 has-margin-left-5 has-margin-left-mobile-5 has-margin-right-5 has-margin-right-mobile-5\" style=\"height:80px;width:100px\" tabindex=\"0\"><img decoding=\"async\" alt=\"\" data-id=\"8445\" data-link=\"https:\/\/fusalmo.org\/?attachment_id=8445\" src=\"https:\/\/fusalmo.org\/wp-content\/uploads\/IMG_20221122_111043-scaled.jpg\" style=\"height:100%;width:100%\"\/><\/button><button aria-label=\"gallery thumbnail\" class=\"wp-block-coblocks-gallery-carousel-thumbnail wp-block-coblocks-gallery-carousel-thumbnail-1 has-margin-left-5 has-margin-left-mobile-5 has-margin-right-5 has-margin-right-mobile-5\" style=\"height:80px;width:100px\" tabindex=\"0\"><img decoding=\"async\" alt=\"\" data-id=\"8446\" data-link=\"https:\/\/fusalmo.org\/?attachment_id=8446\" src=\"https:\/\/fusalmo.org\/wp-content\/uploads\/IMG_20221122_111218-1-scaled.jpg\" style=\"height:100%;width:100%\"\/><\/button><button aria-label=\"gallery thumbnail\" class=\"wp-block-coblocks-gallery-carousel-thumbnail wp-block-coblocks-gallery-carousel-thumbnail-2 has-margin-left-5 has-margin-left-mobile-5 has-margin-right-5 has-margin-right-mobile-5\" style=\"height:80px;width:100px\" tabindex=\"0\"><img decoding=\"async\" alt=\"\" data-id=\"8447\" data-link=\"https:\/\/fusalmo.org\/?attachment_id=8447\" src=\"https:\/\/fusalmo.org\/wp-content\/uploads\/IMG_20221122_190915-1-scaled.jpg\" style=\"height:100%;width:100%\"\/><\/button><button aria-label=\"gallery thumbnail\" class=\"wp-block-coblocks-gallery-carousel-thumbnail wp-block-coblocks-gallery-carousel-thumbnail-3 has-margin-left-5 has-margin-left-mobile-5 has-margin-right-5 has-margin-right-mobile-5\" style=\"height:80px;width:100px\" tabindex=\"0\"><img decoding=\"async\" alt=\"\" data-id=\"8448\" data-link=\"https:\/\/fusalmo.org\/?attachment_id=8448\" src=\"https:\/\/fusalmo.org\/wp-content\/uploads\/IMG_20221123_131004-scaled.jpg\" style=\"height:100%;width:100%\"\/><\/button><button aria-label=\"gallery thumbnail\" class=\"wp-block-coblocks-gallery-carousel-thumbnail wp-block-coblocks-gallery-carousel-thumbnail-4 has-margin-left-5 has-margin-left-mobile-5 has-margin-right-5 has-margin-right-mobile-5\" style=\"height:80px;width:100px\" tabindex=\"0\"><img decoding=\"async\" alt=\"\" data-id=\"8450\" data-link=\"https:\/\/fusalmo.org\/presidenta-de-la-red-de-juventudes-fusalmo-destaca-en-el-foro-internacional-de-la-juventud-en-alemania\/img_20221126_143527\/\" src=\"https:\/\/fusalmo.org\/wp-content\/uploads\/IMG_20221126_143527-scaled.jpg\" style=\"height:100%;width:100%\"\/><\/button><button aria-label=\"gallery thumbnail\" class=\"wp-block-coblocks-gallery-carousel-thumbnail wp-block-coblocks-gallery-carousel-thumbnail-5 has-margin-left-5 has-margin-left-mobile-5 has-margin-right-5 has-margin-right-mobile-5\" style=\"height:80px;width:100px\" tabindex=\"0\"><img decoding=\"async\" alt=\"\" data-id=\"8451\" data-link=\"https:\/\/fusalmo.org\/presidenta-de-la-red-de-juventudes-fusalmo-destaca-en-el-foro-internacional-de-la-juventud-en-alemania\/img-20221123-wa0083-1\/\" src=\"https:\/\/fusalmo.org\/wp-content\/uploads\/IMG-20221123-WA0083-1.jpg\" style=\"height:100%;width:100%\"\/><\/button><button aria-label=\"gallery thumbnail\" class=\"wp-block-coblocks-gallery-carousel-thumbnail wp-block-coblocks-gallery-carousel-thumbnail-6 has-margin-left-5 has-margin-left-mobile-5 has-margin-right-5 has-margin-right-mobile-5\" style=\"height:80px;width:100px\" tabindex=\"0\"><img decoding=\"async\" alt=\"\" data-id=\"8452\" data-link=\"https:\/\/fusalmo.org\/presidenta-de-la-red-de-juventudes-fusalmo-destaca-en-el-foro-internacional-de-la-juventud-en-alemania\/img-20221124-wa0035\/\" src=\"https:\/\/fusalmo.org\/wp-content\/uploads\/IMG-20221124-WA0035.jpg\" style=\"height:100%;width:100%\"\/><\/button><button aria-label=\"gallery thumbnail\" class=\"wp-block-coblocks-gallery-carousel-thumbnail wp-block-coblocks-gallery-carousel-thumbnail-7 has-margin-left-5 has-margin-left-mobile-5 has-margin-right-5 has-margin-right-mobile-5\" style=\"height:80px;width:100px\" tabindex=\"0\"><img decoding=\"async\" alt=\"\" data-id=\"8453\" data-link=\"https:\/\/fusalmo.org\/presidenta-de-la-red-de-juventudes-fusalmo-destaca-en-el-foro-internacional-de-la-juventud-en-alemania\/img-20221125-wa0046-1\/\" src=\"https:\/\/fusalmo.org\/wp-content\/uploads\/IMG-20221125-WA0046-1.jpg\" style=\"height:100%;width:100%\"\/><\/button><button aria-label=\"gallery thumbnail\" class=\"wp-block-coblocks-gallery-carousel-thumbnail wp-block-coblocks-gallery-carousel-thumbnail-8 has-margin-left-5 has-margin-left-mobile-5 has-margin-right-5 has-margin-right-mobile-5\" style=\"height:80px;width:100px\" tabindex=\"0\"><img decoding=\"async\" alt=\"\" data-id=\"8454\" data-link=\"https:\/\/fusalmo.org\/presidenta-de-la-red-de-juventudes-fusalmo-destaca-en-el-foro-internacional-de-la-juventud-en-alemania\/img-20221128-wa0010\/\" src=\"https:\/\/fusalmo.org\/wp-content\/uploads\/IMG-20221128-WA0010.jpg\" style=\"height:100%;width:100%\"\/><\/button><button aria-label=\"gallery thumbnail\" class=\"wp-block-coblocks-gallery-carousel-thumbnail wp-block-coblocks-gallery-carousel-thumbnail-9 has-margin-left-5 has-margin-left-mobile-5 has-margin-right-5 has-margin-right-mobile-5\" style=\"height:80px;width:100px\" tabindex=\"0\"><img decoding=\"async\" alt=\"\" data-id=\"8455\" data-link=\"https:\/\/fusalmo.org\/presidenta-de-la-red-de-juventudes-fusalmo-destaca-en-el-foro-internacional-de-la-juventud-en-alemania\/img-20221129-wa0003\/\" src=\"https:\/\/fusalmo.org\/wp-content\/uploads\/IMG-20221129-WA0003.jpg\" style=\"height:100%;width:100%\"\/><\/button><button aria-label=\"gallery thumbnail\" class=\"wp-block-coblocks-gallery-carousel-thumbnail wp-block-coblocks-gallery-carousel-thumbnail-10 has-margin-left-5 has-margin-left-mobile-5 has-margin-right-5 has-margin-right-mobile-5\" style=\"height:80px;width:100px\" tabindex=\"0\"><img decoding=\"async\" alt=\"\" data-id=\"8456\" data-link=\"https:\/\/fusalmo.org\/presidenta-de-la-red-de-juventudes-fusalmo-destaca-en-el-foro-internacional-de-la-juventud-en-alemania\/whatsapp-image-2022-12-01-at-2-05-13-pm-1\/\" src=\"https:\/\/fusalmo.org\/wp-content\/uploads\/WhatsApp-Image-2022-12-01-at-2.05.13-PM-1.jpeg\" style=\"height:100%;width:100%\"\/><\/button><button aria-label=\"gallery thumbnail\" class=\"wp-block-coblocks-gallery-carousel-thumbnail wp-block-coblocks-gallery-carousel-thumbnail-11 has-margin-left-5 has-margin-left-mobile-5 has-margin-right-5 has-margin-right-mobile-5\" style=\"height:80px;width:100px\" tabindex=\"0\"><img decoding=\"async\" alt=\"\" data-id=\"8457\" data-link=\"https:\/\/fusalmo.org\/presidenta-de-la-red-de-juventudes-fusalmo-destaca-en-el-foro-internacional-de-la-juventud-en-alemania\/whatsapp-image-2022-12-01-at-2-05-55-pm\/\" src=\"https:\/\/fusalmo.org\/wp-content\/uploads\/WhatsApp-Image-2022-12-01-at-2.05.55-PM.jpeg\" style=\"height:100%;width:100%\"\/><\/button><\/div><\/div><\/div>\n","protected":false},"excerpt":{"rendered":"<p>El pasado noviembre, Alicia Galeas, Presidenta de la Red de Juventudes FUSALMO y representante del Programa CaPaz en Centroam\u00e9rica, particip\u00f3 en la primera edici\u00f3n del Foro Internacional de la Juventud, en Berl\u00edn, Alemania.&nbsp; Dicho encuentro permiti\u00f3 que j\u00f3venes de 22 pa\u00edses compartieran en torno a las visiones que como juventudes tienen respecto al futuro, espacios [&hellip;]<\/p>\n","protected":false},"author":3,"featured_media":0,"comment_status":"closed","ping_status":"closed","sticky":false,"template":"","format":"standard","meta":{"footnotes":""},"categories":[],"tags":[],"class_list":["post-8436","post","type-post","status-publish","format-standard","hentry"],"_links":{"self":[{"href":"https:\/\/fusalmo.org\/salesianos\/wp-json\/wp\/v2\/posts\/8436","targetHints":{"allow":["GET"]}}],"collection":[{"href":"https:\/\/fusalmo.org\/salesianos\/wp-json\/wp\/v2\/posts"}],"about":[{"href":"https:\/\/fusalmo.org\/salesianos\/wp-json\/wp\/v2\/types\/post"}],"author":[{"embeddable":true,"href":"https:\/\/fusalmo.org\/salesianos\/wp-json\/wp\/v2\/users\/3"}],"replies":[{"embeddable":true,"href":"https:\/\/fusalmo.org\/salesianos\/wp-json\/wp\/v2\/comments?post=8436"}],"version-history":[{"count":0,"href":"https:\/\/fusalmo.org\/salesianos\/wp-json\/wp\/v2\/posts\/8436\/revisions"}],"wp:attachment":[{"href":"https:\/\/fusalmo.org\/salesianos\/wp-json\/wp\/v2\/media?parent=8436"}],"wp:term":[{"taxonomy":"category","embeddable":true,"href":"https:\/\/fusalmo.org\/salesianos\/wp-json\/wp\/v2\/categories?post=8436"},{"taxonomy":"post_tag","embeddable":true,"href":"https:\/\/fusalmo.org\/salesianos\/wp-json\/wp\/v2\/tags?post=8436"}],"curies":[{"name":"wp","href":"https:\/\/api.w.org\/{rel}","templated":true}]}}