{"id":9009,"date":"2023-03-18T11:42:05","date_gmt":"2023-03-18T17:42:05","guid":{"rendered":"https:\/\/fusalmo.org\/?p=9009"},"modified":"2023-03-20T11:54:35","modified_gmt":"2023-03-20T17:54:35","slug":"apoyando-en-atencion-medica-a-las-comunidades-aledanas","status":"publish","type":"post","link":"https:\/\/fusalmo.org\/salesianos\/apoyando-en-atencion-medica-a-las-comunidades-aledanas\/","title":{"rendered":"<strong>Apoyando en atenci\u00f3n m\u00e9dica a las comunidades aleda\u00f1as<\/strong>"},"content":{"rendered":"\n<p>El d\u00eda mi\u00e9rcoles 15 de marzo, FUSALMO realiz\u00f3 junto a la Unidad de Salud San Miguelito, una campa\u00f1a de atenci\u00f3n m\u00e9dica con la finalidad de beneficiar a las personas que viven en zonas aleda\u00f1as al Centro Juvenil Salesiano en Santa Ana.<\/p>\n\n\n\n<p>Entre las especialidades que hubo en la campa\u00f1a de la instituci\u00f3n de salud fueron, medicina general y odontolog\u00eda. Adem\u00e1s, de la consulta se brind\u00f3 el medicamento de manera gratuita.<\/p>\n\n\n\n<p>FUSALMO realiz\u00f3 esta gesti\u00f3n con la Unidad de Salud para apoyar a las familias que viven cerca del Centro Juvenil Salesiano en Santa Ana en el \u00e1mbito de la salud.<\/p>\n\n\n\n<a data-flickr-embed=\"true\" href=\"https:\/\/www.flickr.com\/photos\/104128793@N02\/albums\/72177720306804289\" title=\"2023 - Jornada M\u00e9dica en Santa Ana\" target=\"_blank\" rel=\"noopener\"><img fetchpriority=\"high\" decoding=\"async\" src=\"https:\/\/live.staticflickr.com\/65535\/52753813536_1c63850356_z.jpg\" width=\"640\" height=\"480\" alt=\"2023 - Jornada M\u00e9dica en Santa Ana\"><\/a><script async=\"\" src=\"\/\/embedr.flickr.com\/assets\/client-code.js\" charset=\"utf-8\"><\/script>\n","protected":false},"excerpt":{"rendered":"<p>El d\u00eda mi\u00e9rcoles 15 de marzo, FUSALMO realiz\u00f3 junto a la Unidad de Salud San Miguelito, una campa\u00f1a de atenci\u00f3n m\u00e9dica con la finalidad de beneficiar a las personas que viven en zonas aleda\u00f1as al Centro Juvenil Salesiano en Santa Ana. Entre las especialidades que hubo en la campa\u00f1a de la instituci\u00f3n de salud fueron, [&hellip;]<\/p>\n","protected":false},"author":3,"featured_media":0,"comment_status":"closed","ping_status":"closed","sticky":false,"template":"","format":"standard","meta":{"footnotes":""},"categories":[],"tags":[],"class_list":["post-9009","post","type-post","status-publish","format-standard","hentry"],"_links":{"self":[{"href":"https:\/\/fusalmo.org\/salesianos\/wp-json\/wp\/v2\/posts\/9009","targetHints":{"allow":["GET"]}}],"collection":[{"href":"https:\/\/fusalmo.org\/salesianos\/wp-json\/wp\/v2\/posts"}],"about":[{"href":"https:\/\/fusalmo.org\/salesianos\/wp-json\/wp\/v2\/types\/post"}],"author":[{"embeddable":true,"href":"https:\/\/fusalmo.org\/salesianos\/wp-json\/wp\/v2\/users\/3"}],"replies":[{"embeddable":true,"href":"https:\/\/fusalmo.org\/salesianos\/wp-json\/wp\/v2\/comments?post=9009"}],"version-history":[{"count":0,"href":"https:\/\/fusalmo.org\/salesianos\/wp-json\/wp\/v2\/posts\/9009\/revisions"}],"wp:attachment":[{"href":"https:\/\/fusalmo.org\/salesianos\/wp-json\/wp\/v2\/media?parent=9009"}],"wp:term":[{"taxonomy":"category","embeddable":true,"href":"https:\/\/fusalmo.org\/salesianos\/wp-json\/wp\/v2\/categories?post=9009"},{"taxonomy":"post_tag","embeddable":true,"href":"https:\/\/fusalmo.org\/salesianos\/wp-json\/wp\/v2\/tags?post=9009"}],"curies":[{"name":"wp","href":"https:\/\/api.w.org\/{rel}","templated":true}]}}