{"id":9098,"date":"2023-04-24T09:12:22","date_gmt":"2023-04-24T15:12:22","guid":{"rendered":"https:\/\/fusalmo.org\/?p=9098"},"modified":"2023-05-25T09:47:39","modified_gmt":"2023-05-25T15:47:39","slug":"el-oratorio-fusalmo-celebra-la-pascua-en-soyapango","status":"publish","type":"post","link":"https:\/\/fusalmo.org\/salesianos\/el-oratorio-fusalmo-celebra-la-pascua-en-soyapango\/","title":{"rendered":"El Oratorio FUSALMO celebra la Pascua en Soyapango"},"content":{"rendered":"<figure class=\"wp-block-post-featured-image\"><img fetchpriority=\"high\" decoding=\"async\" width=\"2048\" height=\"1409\" src=\"https:\/\/fusalmo.org\/wp-content\/uploads\/2023\/04\/52837697408_8ab6f51360_k.jpg\" class=\"attachment-post-thumbnail size-post-thumbnail wp-post-image\" alt=\"\" style=\"object-fit:cover;\" srcset=\"https:\/\/fusalmo.org\/wp-content\/uploads\/2023\/04\/52837697408_8ab6f51360_k.jpg 2048w, https:\/\/fusalmo.org\/wp-content\/uploads\/2023\/04\/52837697408_8ab6f51360_k-600x413.jpg 600w, https:\/\/fusalmo.org\/wp-content\/uploads\/2023\/04\/52837697408_8ab6f51360_k-300x206.jpg 300w, https:\/\/fusalmo.org\/wp-content\/uploads\/2023\/04\/52837697408_8ab6f51360_k-1024x705.jpg 1024w, https:\/\/fusalmo.org\/wp-content\/uploads\/2023\/04\/52837697408_8ab6f51360_k-768x528.jpg 768w, https:\/\/fusalmo.org\/wp-content\/uploads\/2023\/04\/52837697408_8ab6f51360_k-1536x1057.jpg 1536w\" sizes=\"(max-width: 2048px) 100vw, 2048px\" \/><\/figure>\n\n\n<p>Las actividades desarrolladas s\u00e1bado 12 y domingo 13 de abril iniciaron con la Santa Misa, presidida por el Padre Pierre M. Vitelli, qui\u00e9n, en su mensaje evangel\u00edstico enfatiz\u00f3 la alegr\u00eda pascual que se debe vivir en el Oratorio, y c\u00f3mo debe de expresarse en las actividades deportivas, mostrando el respeto y convivencia.<\/p>\n\n\n\n<p>Desarrollando posteriormente los torneos deportivos donde se disfrut\u00f3 de un ambiente familiar y de compa\u00f1erismo. La festividad cont\u00f3 con la participaci\u00f3n de m\u00e1s de 700 personas entre ellos los equipos de f\u00fatbol masculino y femenino, baloncesto y volleyball, adem\u00e1s de ni\u00f1os y ni\u00f1as que reciben su formaci\u00f3n para primera comuni\u00f3n y confirmaci\u00f3n, un grupo de j\u00f3venes scout y personas de las comunidades aleda\u00f1as.<\/p>\n\n\n\n<p>Para FUSALMO, es importante compartir en estas actividades, ya que permiten fortalecer e impregnar a los y las participantes del carisma Salesiano estableciendo valores cristianos para la sana convivencia en la ni\u00f1ez, adolescencia y juventud.<\/p>\n\n\n\n<p><\/p>\n\n\n\n<a data-flickr-embed=\"true\" data-header=\"true\" data-footer=\"true\" href=\"https:\/\/www.flickr.com\/photos\/104128793@N02\/albums\/72177720307712488\" title=\"2022 - Celebraci\u00f3n de la Pascua en el Oratorio\" target=\"_blank\" rel=\"noopener\"><img decoding=\"async\" src=\"https:\/\/live.staticflickr.com\/65535\/52837476769_d8e9d0bf1c_z.jpg\" width=\"640\" height=\"480\" alt=\"2022 - Celebraci\u00f3n de la Pascua en el Oratorio\" \/><\/a>\n","protected":false},"excerpt":{"rendered":"<p>Las actividades desarrolladas s\u00e1bado 12 y domingo 13 de abril iniciaron con la Santa Misa, presidida por el Padre Pierre M. Vitelli, qui\u00e9n, en su mensaje evangel\u00edstico enfatiz\u00f3 la alegr\u00eda pascual que se debe vivir en el Oratorio, y c\u00f3mo debe de expresarse en las actividades deportivas, mostrando el respeto y convivencia. Desarrollando posteriormente los [&hellip;]<\/p>\n","protected":false},"author":3,"featured_media":9107,"comment_status":"closed","ping_status":"closed","sticky":false,"template":"","format":"standard","meta":{"footnotes":""},"categories":[1],"tags":[20,28,23,27,21,19,24,25,30,22,29],"class_list":["post-9098","post","type-post","status-publish","format-standard","has-post-thumbnail","hentry","category-sin-categoria","tag-adolescencia","tag-baloncesto","tag-fusalmo","tag-futbol-2","tag-juventud","tag-ninez","tag-oratorio","tag-salesiano","tag-scout","tag-soyapongo","tag-volleyball"],"_links":{"self":[{"href":"https:\/\/fusalmo.org\/salesianos\/wp-json\/wp\/v2\/posts\/9098","targetHints":{"allow":["GET"]}}],"collection":[{"href":"https:\/\/fusalmo.org\/salesianos\/wp-json\/wp\/v2\/posts"}],"about":[{"href":"https:\/\/fusalmo.org\/salesianos\/wp-json\/wp\/v2\/types\/post"}],"author":[{"embeddable":true,"href":"https:\/\/fusalmo.org\/salesianos\/wp-json\/wp\/v2\/users\/3"}],"replies":[{"embeddable":true,"href":"https:\/\/fusalmo.org\/salesianos\/wp-json\/wp\/v2\/comments?post=9098"}],"version-history":[{"count":3,"href":"https:\/\/fusalmo.org\/salesianos\/wp-json\/wp\/v2\/posts\/9098\/revisions"}],"predecessor-version":[{"id":9192,"href":"https:\/\/fusalmo.org\/salesianos\/wp-json\/wp\/v2\/posts\/9098\/revisions\/9192"}],"wp:featuredmedia":[{"embeddable":true,"href":"https:\/\/fusalmo.org\/salesianos\/wp-json\/wp\/v2\/media\/9107"}],"wp:attachment":[{"href":"https:\/\/fusalmo.org\/salesianos\/wp-json\/wp\/v2\/media?parent=9098"}],"wp:term":[{"taxonomy":"category","embeddable":true,"href":"https:\/\/fusalmo.org\/salesianos\/wp-json\/wp\/v2\/categories?post=9098"},{"taxonomy":"post_tag","embeddable":true,"href":"https:\/\/fusalmo.org\/salesianos\/wp-json\/wp\/v2\/tags?post=9098"}],"curies":[{"name":"wp","href":"https:\/\/api.w.org\/{rel}","templated":true}]}}