{"id":9294,"date":"2023-06-20T17:58:42","date_gmt":"2023-06-20T23:58:42","guid":{"rendered":"https:\/\/fusalmo.org\/?p=9294"},"modified":"2023-06-29T07:49:49","modified_gmt":"2023-06-29T13:49:49","slug":"caminata-familiar-en-beneficio-de-becas-padre-alfonso-evertsz","status":"publish","type":"post","link":"https:\/\/fusalmo.org\/salesianos\/caminata-familiar-en-beneficio-de-becas-padre-alfonso-evertsz\/","title":{"rendered":"Caminata familiar en beneficio de Becas Padre Alfonso Evertsz"},"content":{"rendered":"\n<p>El d\u00eda s\u00e1bado 18 de junio de 2023, FUSALMO realiz\u00f3 la caminata denominada: \u00abHacia la cima por las Becas\u00bb del programa de Becas Padre Alfonso Evertsz.<\/p>\n\n\n\n<p>La actividad se realiz\u00f3 en el mirador \u201cEl esp\u00edritu de la monta\u00f1a\u201d, situado en el volc\u00e1n de Conchagua, departamento de La Uni\u00f3n. Fue un espacio de convivencia familiar y sano esparcimiento, donde las y los participantes practicaron senderismo; actividad que es beneficiosa para la salud f\u00edsica y mental. Adem\u00e1s, en la cima tuvieron la oportunidad de apreciar la bella vista del Golfo de Fonseca y disfrutaron a la vez de un clima agradable.&nbsp;<\/p>\n\n\n\n<p>El programa Becas Padre Evertsz, es un sistema institucional a beneficios de las ni\u00f1as, ni\u00f1os, adolescentes y j\u00f3venes que forman parte de nuestros programas y que presentan necesidades econ\u00f3micas que les impide seguir con sus estudios. Por esta raz\u00f3n, la contribuci\u00f3n de los participantes de la caminata, es muy valiosa para la finalizaci\u00f3n de los procesos educativos de los beneficiarios de este programa.<\/p>\n\n\n\n<a data-flickr-embed=\"true\" data-header=\"true\" href=\"https:\/\/www.flickr.com\/photos\/104128793@N02\/albums\/72177720309194586\" title=\"2023- Caminata en el Esp\u00edritu De La Monta\u00f1a\" target=\"_blank\" rel=\"noopener\"><img fetchpriority=\"high\" decoding=\"async\" src=\"https:\/\/live.staticflickr.com\/65535\/52989101861_e5582ce309_z.jpg\" width=\"640\" height=\"480\" alt=\"2023- Caminata en el Esp\u00edritu De La Monta\u00f1a\" \/><\/a>\n","protected":false},"excerpt":{"rendered":"<p>El d\u00eda s\u00e1bado 18 de junio de 2023, FUSALMO realiz\u00f3 la caminata denominada: \u00abHacia la cima por las Becas\u00bb del programa de Becas Padre Alfonso Evertsz. La actividad se realiz\u00f3 en el mirador \u201cEl esp\u00edritu de la monta\u00f1a\u201d, situado en el volc\u00e1n de Conchagua, departamento de La Uni\u00f3n. Fue un espacio de convivencia familiar y [&hellip;]<\/p>\n","protected":false},"author":3,"featured_media":9296,"comment_status":"closed","ping_status":"closed","sticky":false,"template":"","format":"standard","meta":{"footnotes":""},"categories":[1],"tags":[44,23,21,25,39,45],"class_list":["post-9294","post","type-post","status-publish","format-standard","has-post-thumbnail","hentry","category-sin-categoria","tag-caminata","tag-fusalmo","tag-juventud","tag-salesiano","tag-san-miguel","tag-volcan"],"_links":{"self":[{"href":"https:\/\/fusalmo.org\/salesianos\/wp-json\/wp\/v2\/posts\/9294","targetHints":{"allow":["GET"]}}],"collection":[{"href":"https:\/\/fusalmo.org\/salesianos\/wp-json\/wp\/v2\/posts"}],"about":[{"href":"https:\/\/fusalmo.org\/salesianos\/wp-json\/wp\/v2\/types\/post"}],"author":[{"embeddable":true,"href":"https:\/\/fusalmo.org\/salesianos\/wp-json\/wp\/v2\/users\/3"}],"replies":[{"embeddable":true,"href":"https:\/\/fusalmo.org\/salesianos\/wp-json\/wp\/v2\/comments?post=9294"}],"version-history":[{"count":3,"href":"https:\/\/fusalmo.org\/salesianos\/wp-json\/wp\/v2\/posts\/9294\/revisions"}],"predecessor-version":[{"id":9356,"href":"https:\/\/fusalmo.org\/salesianos\/wp-json\/wp\/v2\/posts\/9294\/revisions\/9356"}],"wp:featuredmedia":[{"embeddable":true,"href":"https:\/\/fusalmo.org\/salesianos\/wp-json\/wp\/v2\/media\/9296"}],"wp:attachment":[{"href":"https:\/\/fusalmo.org\/salesianos\/wp-json\/wp\/v2\/media?parent=9294"}],"wp:term":[{"taxonomy":"category","embeddable":true,"href":"https:\/\/fusalmo.org\/salesianos\/wp-json\/wp\/v2\/categories?post=9294"},{"taxonomy":"post_tag","embeddable":true,"href":"https:\/\/fusalmo.org\/salesianos\/wp-json\/wp\/v2\/tags?post=9294"}],"curies":[{"name":"wp","href":"https:\/\/api.w.org\/{rel}","templated":true}]}}