{"id":9803,"date":"2023-09-01T16:27:03","date_gmt":"2023-09-01T22:27:03","guid":{"rendered":"https:\/\/fusalmo.org\/?p=9803"},"modified":"2023-09-07T11:40:54","modified_gmt":"2023-09-07T17:40:54","slug":"el-compromiso-con-la-ninez-y-juventud-trasciende-fronteras","status":"publish","type":"post","link":"https:\/\/fusalmo.org\/salesianos\/el-compromiso-con-la-ninez-y-juventud-trasciende-fronteras\/","title":{"rendered":"El Compromiso con la Ni\u00f1ez y Juventud Trasciende Fronteras."},"content":{"rendered":"\n<p>Lilia Ivett Padilla, Gerente de Gesti\u00f3n y Desarrollo de FUSALMO, fue nombrada \u00abOrgullo Salvadore\u00f1o\u00bb por la fundaci\u00f3n DEFISAL en la conferencia de prensa previa al Desfile y Festival de Independencia Salvadore\u00f1a 2023, realizado el pasado 30 de agosto en Los \u00c1ngeles, California.<\/p>\n\n\n\n<p>Este reconocimiento destaca m\u00e1s de 10 a\u00f1os de trabajo con las comunidades de Los \u00c1ngeles, California, logrando apoyos para programas que benefician a la ni\u00f1ez y juventud en El Salvador y Estados Unidos.<\/p>\n\n\n\n<p>Ivett inici\u00f3 su labor en FUSALMO en el a\u00f1o 2001, desarroll\u00e1ndose actualmente en la ejecuci\u00f3n de programas y proyectos en \u00e1reas educativas, tecnol\u00f3gicas, deportivas y de formaci\u00f3n para el empleo, beneficiando a ni\u00f1as, ni\u00f1os, adolescentes y j\u00f3venes, especialmente aquellos en situaci\u00f3n de riesgo, en San Miguel, Santa Ana y San Salvador. Adem\u00e1s de la gesti\u00f3n de alianzas con gobiernos, organizaciones, empresas y la Cooperaci\u00f3n Internacional.<\/p>\n\n\n\n<p>Desde el a\u00f1o 2015 lidera un movimiento con latinos radicados en Estados Unidos desde donde ha logrado impulsar los programas que FUSALMO implementa desde sus diferentes sedes.<\/p>\n\n\n\n<p>Cada a\u00f1o, DEFISAL realiza una cena de gala donde, en esta ocasi\u00f3n, se llev\u00f3 a cabo la entrega del galard\u00f3n a Ivett, reconociendo el importante rol que ejerce en la sociedad. Para FUSALMO es un orgullo contar con Ivette Padilla como parte de su equipo, ya que es una salvadore\u00f1a trabajadora, capaz y que aporta en beneficio de la ni\u00f1ez, adolescencia y juventud del pa\u00eds.<\/p>\n\n\n\n<figure class=\"wp-block-gallery has-nested-images columns-default is-cropped wp-block-gallery-1 is-layout-flex wp-block-gallery-is-layout-flex\">\n<figure class=\"wp-block-image size-large\"><img fetchpriority=\"high\" decoding=\"async\" width=\"576\" height=\"1024\" data-id=\"9805\" src=\"https:\/\/fusalmo.org\/wp-content\/uploads\/2023\/09\/Imagen-de-WhatsApp-2023-0-576x1024.jpg\" alt=\"\" class=\"wp-image-9805\" srcset=\"https:\/\/fusalmo.org\/wp-content\/uploads\/2023\/09\/Imagen-de-WhatsApp-2023-0-576x1024.jpg 576w, https:\/\/fusalmo.org\/wp-content\/uploads\/2023\/09\/Imagen-de-WhatsApp-2023-0-600x1067.jpg 600w, https:\/\/fusalmo.org\/wp-content\/uploads\/2023\/09\/Imagen-de-WhatsApp-2023-0-169x300.jpg 169w, https:\/\/fusalmo.org\/wp-content\/uploads\/2023\/09\/Imagen-de-WhatsApp-2023-0-768x1365.jpg 768w, https:\/\/fusalmo.org\/wp-content\/uploads\/2023\/09\/Imagen-de-WhatsApp-2023-0-864x1536.jpg 864w, https:\/\/fusalmo.org\/wp-content\/uploads\/2023\/09\/Imagen-de-WhatsApp-2023-0.jpg 900w\" sizes=\"(max-width: 576px) 100vw, 576px\" \/><\/figure>\n\n\n\n<figure class=\"wp-block-image size-large\"><img decoding=\"async\" width=\"576\" height=\"1024\" data-id=\"9804\" src=\"https:\/\/fusalmo.org\/wp-content\/uploads\/2023\/09\/Imagen-de-WhatsApp-2023-09-576x1024.jpg\" alt=\"\" class=\"wp-image-9804\" srcset=\"https:\/\/fusalmo.org\/wp-content\/uploads\/2023\/09\/Imagen-de-WhatsApp-2023-09-576x1024.jpg 576w, https:\/\/fusalmo.org\/wp-content\/uploads\/2023\/09\/Imagen-de-WhatsApp-2023-09-600x1067.jpg 600w, https:\/\/fusalmo.org\/wp-content\/uploads\/2023\/09\/Imagen-de-WhatsApp-2023-09-169x300.jpg 169w, https:\/\/fusalmo.org\/wp-content\/uploads\/2023\/09\/Imagen-de-WhatsApp-2023-09-768x1365.jpg 768w, https:\/\/fusalmo.org\/wp-content\/uploads\/2023\/09\/Imagen-de-WhatsApp-2023-09-864x1536.jpg 864w, https:\/\/fusalmo.org\/wp-content\/uploads\/2023\/09\/Imagen-de-WhatsApp-2023-09.jpg 900w\" sizes=\"(max-width: 576px) 100vw, 576px\" \/><\/figure>\n\n\n\n<figure class=\"wp-block-image size-large\"><img decoding=\"async\" width=\"576\" height=\"1024\" data-id=\"9807\" src=\"https:\/\/fusalmo.org\/wp-content\/uploads\/2023\/09\/Imagen-de-WhatsApp-2023-09-0-576x1024.jpg\" alt=\"\" class=\"wp-image-9807\" srcset=\"https:\/\/fusalmo.org\/wp-content\/uploads\/2023\/09\/Imagen-de-WhatsApp-2023-09-0-576x1024.jpg 576w, https:\/\/fusalmo.org\/wp-content\/uploads\/2023\/09\/Imagen-de-WhatsApp-2023-09-0-600x1067.jpg 600w, https:\/\/fusalmo.org\/wp-content\/uploads\/2023\/09\/Imagen-de-WhatsApp-2023-09-0-169x300.jpg 169w, https:\/\/fusalmo.org\/wp-content\/uploads\/2023\/09\/Imagen-de-WhatsApp-2023-09-0-768x1365.jpg 768w, https:\/\/fusalmo.org\/wp-content\/uploads\/2023\/09\/Imagen-de-WhatsApp-2023-09-0-864x1536.jpg 864w, https:\/\/fusalmo.org\/wp-content\/uploads\/2023\/09\/Imagen-de-WhatsApp-2023-09-0.jpg 900w\" sizes=\"(max-width: 576px) 100vw, 576px\" \/><\/figure>\n\n\n\n<figure class=\"wp-block-image size-large\"><img loading=\"lazy\" decoding=\"async\" width=\"576\" height=\"1024\" data-id=\"9809\" src=\"https:\/\/fusalmo.org\/wp-content\/uploads\/2023\/09\/Imagen-de-WhatsApp--576x1024.jpg\" alt=\"\" class=\"wp-image-9809\" srcset=\"https:\/\/fusalmo.org\/wp-content\/uploads\/2023\/09\/Imagen-de-WhatsApp--576x1024.jpg 576w, https:\/\/fusalmo.org\/wp-content\/uploads\/2023\/09\/Imagen-de-WhatsApp--600x1067.jpg 600w, https:\/\/fusalmo.org\/wp-content\/uploads\/2023\/09\/Imagen-de-WhatsApp--169x300.jpg 169w, https:\/\/fusalmo.org\/wp-content\/uploads\/2023\/09\/Imagen-de-WhatsApp--768x1365.jpg 768w, https:\/\/fusalmo.org\/wp-content\/uploads\/2023\/09\/Imagen-de-WhatsApp--864x1536.jpg 864w, https:\/\/fusalmo.org\/wp-content\/uploads\/2023\/09\/Imagen-de-WhatsApp-.jpg 900w\" sizes=\"(max-width: 576px) 100vw, 576px\" \/><\/figure>\n\n\n\n<figure class=\"wp-block-image size-large\"><img loading=\"lazy\" decoding=\"async\" width=\"576\" height=\"1024\" data-id=\"9808\" src=\"https:\/\/fusalmo.org\/wp-content\/uploads\/2023\/09\/Imagen-de-WhatsApp-202-576x1024.jpg\" alt=\"\" class=\"wp-image-9808\" srcset=\"https:\/\/fusalmo.org\/wp-content\/uploads\/2023\/09\/Imagen-de-WhatsApp-202-576x1024.jpg 576w, https:\/\/fusalmo.org\/wp-content\/uploads\/2023\/09\/Imagen-de-WhatsApp-202-600x1067.jpg 600w, https:\/\/fusalmo.org\/wp-content\/uploads\/2023\/09\/Imagen-de-WhatsApp-202-169x300.jpg 169w, https:\/\/fusalmo.org\/wp-content\/uploads\/2023\/09\/Imagen-de-WhatsApp-202-768x1365.jpg 768w, https:\/\/fusalmo.org\/wp-content\/uploads\/2023\/09\/Imagen-de-WhatsApp-202-864x1536.jpg 864w, https:\/\/fusalmo.org\/wp-content\/uploads\/2023\/09\/Imagen-de-WhatsApp-202.jpg 900w\" sizes=\"(max-width: 576px) 100vw, 576px\" \/><\/figure>\n\n\n\n<figure class=\"wp-block-image size-large\"><img loading=\"lazy\" decoding=\"async\" width=\"576\" height=\"1024\" data-id=\"9806\" src=\"https:\/\/fusalmo.org\/wp-content\/uploads\/2023\/09\/Imagen-de-WhatsApp-2023-09--576x1024.jpg\" alt=\"\" class=\"wp-image-9806\" srcset=\"https:\/\/fusalmo.org\/wp-content\/uploads\/2023\/09\/Imagen-de-WhatsApp-2023-09--576x1024.jpg 576w, https:\/\/fusalmo.org\/wp-content\/uploads\/2023\/09\/Imagen-de-WhatsApp-2023-09--600x1067.jpg 600w, https:\/\/fusalmo.org\/wp-content\/uploads\/2023\/09\/Imagen-de-WhatsApp-2023-09--169x300.jpg 169w, https:\/\/fusalmo.org\/wp-content\/uploads\/2023\/09\/Imagen-de-WhatsApp-2023-09--768x1365.jpg 768w, https:\/\/fusalmo.org\/wp-content\/uploads\/2023\/09\/Imagen-de-WhatsApp-2023-09--864x1536.jpg 864w, https:\/\/fusalmo.org\/wp-content\/uploads\/2023\/09\/Imagen-de-WhatsApp-2023-09-.jpg 900w\" sizes=\"(max-width: 576px) 100vw, 576px\" \/><\/figure>\n\n\n\n<figure class=\"wp-block-image size-large\"><img loading=\"lazy\" decoding=\"async\" width=\"576\" height=\"1024\" data-id=\"9810\" src=\"https:\/\/fusalmo.org\/wp-content\/uploads\/2023\/09\/Imagen-de-WhatsApp-2023-09-01-a-las-0-576x1024.jpg\" alt=\"\" class=\"wp-image-9810\" srcset=\"https:\/\/fusalmo.org\/wp-content\/uploads\/2023\/09\/Imagen-de-WhatsApp-2023-09-01-a-las-0-576x1024.jpg 576w, https:\/\/fusalmo.org\/wp-content\/uploads\/2023\/09\/Imagen-de-WhatsApp-2023-09-01-a-las-0-600x1067.jpg 600w, https:\/\/fusalmo.org\/wp-content\/uploads\/2023\/09\/Imagen-de-WhatsApp-2023-09-01-a-las-0-169x300.jpg 169w, https:\/\/fusalmo.org\/wp-content\/uploads\/2023\/09\/Imagen-de-WhatsApp-2023-09-01-a-las-0-768x1365.jpg 768w, https:\/\/fusalmo.org\/wp-content\/uploads\/2023\/09\/Imagen-de-WhatsApp-2023-09-01-a-las-0-864x1536.jpg 864w, https:\/\/fusalmo.org\/wp-content\/uploads\/2023\/09\/Imagen-de-WhatsApp-2023-09-01-a-las-0.jpg 900w\" sizes=\"(max-width: 576px) 100vw, 576px\" \/><\/figure>\n<\/figure>\n","protected":false},"excerpt":{"rendered":"<p>Lilia Ivett Padilla, Gerente de Gesti\u00f3n y Desarrollo de FUSALMO, fue nombrada \u00abOrgullo Salvadore\u00f1o\u00bb por la fundaci\u00f3n DEFISAL en la conferencia de prensa previa al Desfile y Festival de Independencia Salvadore\u00f1a 2023, realizado el pasado 30 de agosto en Los \u00c1ngeles, California. Este reconocimiento destaca m\u00e1s de 10 a\u00f1os de trabajo con las comunidades de [&hellip;]<\/p>\n","protected":false},"author":3,"featured_media":9812,"comment_status":"closed","ping_status":"closed","sticky":false,"template":"","format":"standard","meta":{"footnotes":""},"categories":[1],"tags":[65,23,21,67,19],"class_list":["post-9803","post","type-post","status-publish","format-standard","has-post-thumbnail","hentry","category-sin-categoria","tag-california","tag-fusalmo","tag-juventud","tag-latinos","tag-ninez"],"_links":{"self":[{"href":"https:\/\/fusalmo.org\/salesianos\/wp-json\/wp\/v2\/posts\/9803","targetHints":{"allow":["GET"]}}],"collection":[{"href":"https:\/\/fusalmo.org\/salesianos\/wp-json\/wp\/v2\/posts"}],"about":[{"href":"https:\/\/fusalmo.org\/salesianos\/wp-json\/wp\/v2\/types\/post"}],"author":[{"embeddable":true,"href":"https:\/\/fusalmo.org\/salesianos\/wp-json\/wp\/v2\/users\/3"}],"replies":[{"embeddable":true,"href":"https:\/\/fusalmo.org\/salesianos\/wp-json\/wp\/v2\/comments?post=9803"}],"version-history":[{"count":3,"href":"https:\/\/fusalmo.org\/salesianos\/wp-json\/wp\/v2\/posts\/9803\/revisions"}],"predecessor-version":[{"id":9826,"href":"https:\/\/fusalmo.org\/salesianos\/wp-json\/wp\/v2\/posts\/9803\/revisions\/9826"}],"wp:featuredmedia":[{"embeddable":true,"href":"https:\/\/fusalmo.org\/salesianos\/wp-json\/wp\/v2\/media\/9812"}],"wp:attachment":[{"href":"https:\/\/fusalmo.org\/salesianos\/wp-json\/wp\/v2\/media?parent=9803"}],"wp:term":[{"taxonomy":"category","embeddable":true,"href":"https:\/\/fusalmo.org\/salesianos\/wp-json\/wp\/v2\/categories?post=9803"},{"taxonomy":"post_tag","embeddable":true,"href":"https:\/\/fusalmo.org\/salesianos\/wp-json\/wp\/v2\/tags?post=9803"}],"curies":[{"name":"wp","href":"https:\/\/api.w.org\/{rel}","templated":true}]}}