{"id":9822,"date":"2023-09-08T12:37:53","date_gmt":"2023-09-08T18:37:53","guid":{"rendered":"https:\/\/fusalmo.org\/?p=9822"},"modified":"2023-09-08T12:39:13","modified_gmt":"2023-09-08T18:39:13","slug":"jovenes-culminan-formacion-tecnica-en-el-marco-del-proyecto-nido-comunidades-seguras","status":"publish","type":"post","link":"https:\/\/fusalmo.org\/salesianos\/jovenes-culminan-formacion-tecnica-en-el-marco-del-proyecto-nido-comunidades-seguras\/","title":{"rendered":"J\u00f3venes culminan formaci\u00f3n t\u00e9cnica en el marco del proyecto NIDO: Comunidades Seguras"},"content":{"rendered":"\n<p>El pasado mi\u00e9rcoles 6 de septiembre, 64 j\u00f3venes beneficiarios del proyecto NIDO: Comunidades Seguras recibieron sus diplomas al culminar con \u00e9xito el taller \u00abFormaci\u00f3n T\u00e9cnica e Innovaci\u00f3n para la Productividad\u00bb, la celebraci\u00f3n de esta clausura se realiz\u00f3 en un hotel de la ciudad de San Miguel.<\/p>\n\n\n<p>Esta actividad se llev\u00f3 en el departamento de San Miguel, donde el proyecto financiado por la Agencia de los Estados Unidos para el Desarrollo Internacional (USAID) e implementando por Glasswing International es ejecutado por la Fundaci\u00f3n Salvador del Mundo (FUSALMO).<\/p>\n<p><!-- \/wp:post-content --><!-- wp:paragraph --><\/p>\n\n<!-- wp:paragraph -->\n<p>En la ceremonia de graduaci\u00f3n se cont\u00f3 con la participaci\u00f3n de Elba Argueta, Coordinadora General del Proyecto en FUSALMO; Walter Leiva, Director del Proyecto en Glasswing International y Andrea Mart\u00ednez, Representante de la Oficina de Seguridad Ciudadana de USAID, quien destac\u00f3 el esfuerzo y liderazgo de los j\u00f3venes graduados, adem\u00e1s de manifestar su agradecimiento por la labor que Glasswing y FUSALMO realizan con esta iniciativa a favor de la juventud salvadore\u00f1a.<\/p>\n<!-- \/wp:paragraph -->\n\n<!-- wp:paragraph -->\n<p>Los j\u00f3venes participantes en el taller fueron certificados en el uso y manejo de Microsoft Office y capacitados en habilidades para la vida y aprestamiento laboral, adquiriendo nuevas competencias que ser\u00e1n de gran apoyo para su carrera laboral o emprendimiento.<\/p>\n<!-- \/wp:paragraph -->\n\n<!-- wp:paragraph -->\n<p>En el acto, el beneficiario Ernesto Ramos comparti\u00f3 su experiencia manifestando que el taller fortaleci\u00f3 su preparaci\u00f3n para la b\u00fasqueda de un empleo y brind\u00f3 aptitudes en el \u00e1rea emocional que ser\u00e1n de utilidad para lograr su proyecto de vida.<\/p>\n<!-- \/wp:paragraph -->\n\n<!-- wp:paragraph -->\n<p>FUSALMO de la mano con sus organizaciones aliadas contin\u00faa impactando de manera positiva en la juventud de El Salvador, d\u00e1ndoles las herramientas necesarias y brind\u00e1ndoles mejores oportunidades para iniciar en el mundo laboral o tomar un camino diferente al motivarlos y capacitarlos para emprender sus negocios y de esta manera ser agentes de cambio en el futuro.<\/p>\n<!-- \/wp:paragraph -->\n\n<!-- wp:gallery {\"linkTo\":\"none\"} -->\n<figure class=\"wp-block-gallery has-nested-images columns-default is-cropped\"><!-- wp:image -->\n<figure class=\"wp-block-image\"><img decoding=\"async\" src=\"https:\/\/fusalmo.org\/832cedf3-63d9-433d-84a6-241169499864\" alt=\"\" \/><\/figure>\n<!-- \/wp:image -->\n\n<!-- wp:image -->\n<figure class=\"wp-block-image\"><img decoding=\"async\" src=\"https:\/\/fusalmo.org\/d6cd3d10-b74c-4e71-ba99-cc10a8903c9c\" alt=\"\" \/><\/figure>\n<!-- \/wp:image -->\n\n<!-- wp:image -->\n<figure class=\"wp-block-image\"><img decoding=\"async\" src=\"https:\/\/fusalmo.org\/fbd81ee0-4adc-49d2-a75f-ca830de90ea4\" alt=\"\" \/><\/figure>\n<!-- \/wp:image -->\n\n<!-- wp:image -->\n<figure class=\"wp-block-image\"><img decoding=\"async\" src=\"https:\/\/fusalmo.org\/ecdcada7-42b4-46f7-b348-b245deb72d5f\" alt=\"\" \/><\/figure>\n<!-- \/wp:image -->\n\n<!-- wp:image {\"id\":9849,\"sizeSlug\":\"large\",\"linkDestination\":\"none\"} -->\n<figure class=\"wp-block-image size-large\"><img fetchpriority=\"high\" decoding=\"async\" width=\"799\" height=\"484\" src=\"https:\/\/fusalmo.org\/wp-content\/uploads\/2023\/09\/53171177580_44c7db6e32_c.jpg\" alt=\"\" class=\"wp-image-9849\" srcset=\"https:\/\/fusalmo.org\/wp-content\/uploads\/2023\/09\/53171177580_44c7db6e32_c.jpg 799w, https:\/\/fusalmo.org\/wp-content\/uploads\/2023\/09\/53171177580_44c7db6e32_c-600x363.jpg 600w, https:\/\/fusalmo.org\/wp-content\/uploads\/2023\/09\/53171177580_44c7db6e32_c-300x182.jpg 300w, https:\/\/fusalmo.org\/wp-content\/uploads\/2023\/09\/53171177580_44c7db6e32_c-768x465.jpg 768w\" sizes=\"(max-width: 799px) 100vw, 799px\" \/><\/figure>\n<!-- \/wp:image -->\n\n<!-- wp:image -->\n<figure class=\"wp-block-image\"><img decoding=\"async\" src=\"https:\/\/fusalmo.org\/35de2f5f-68ff-4b77-a232-890083690400\" alt=\"\" \/><\/figure>\n<!-- \/wp:image -->\n\n<!-- wp:image -->\n<figure class=\"wp-block-image\"><img decoding=\"async\" src=\"https:\/\/fusalmo.org\/9e9f9522-4584-4cfc-9927-ca4fa4e843a6\" alt=\"\" \/><\/figure>\n<!-- \/wp:image -->\n\n<!-- wp:image -->\n<figure class=\"wp-block-image\"><img decoding=\"async\" src=\"https:\/\/fusalmo.org\/439c7bd0-4c6a-4617-9383-fbfd5a2a11b7\" alt=\"\" \/><\/figure>\n<!-- \/wp:image --><\/figure>\n<!-- \/wp:gallery -->","protected":false},"excerpt":{"rendered":"<p>El pasado mi\u00e9rcoles 6 de septiembre, 64 j\u00f3venes beneficiarios del proyecto NIDO: Comunidades Seguras recibieron sus diplomas al culminar con \u00e9xito el taller \u00abFormaci\u00f3n T\u00e9cnica e Innovaci\u00f3n para la Productividad\u00bb, la celebraci\u00f3n de esta clausura se realiz\u00f3 en un hotel de la ciudad de San Miguel. Esta actividad se llev\u00f3 en el departamento de San [&hellip;]<\/p>\n","protected":false},"author":3,"featured_media":9856,"comment_status":"closed","ping_status":"closed","sticky":false,"template":"","format":"standard","meta":{"footnotes":""},"categories":[1],"tags":[20,23,21,55,39],"class_list":["post-9822","post","type-post","status-publish","format-standard","has-post-thumbnail","hentry","category-sin-categoria","tag-adolescencia","tag-fusalmo","tag-juventud","tag-nido","tag-san-miguel"],"_links":{"self":[{"href":"https:\/\/fusalmo.org\/salesianos\/wp-json\/wp\/v2\/posts\/9822","targetHints":{"allow":["GET"]}}],"collection":[{"href":"https:\/\/fusalmo.org\/salesianos\/wp-json\/wp\/v2\/posts"}],"about":[{"href":"https:\/\/fusalmo.org\/salesianos\/wp-json\/wp\/v2\/types\/post"}],"author":[{"embeddable":true,"href":"https:\/\/fusalmo.org\/salesianos\/wp-json\/wp\/v2\/users\/3"}],"replies":[{"embeddable":true,"href":"https:\/\/fusalmo.org\/salesianos\/wp-json\/wp\/v2\/comments?post=9822"}],"version-history":[{"count":3,"href":"https:\/\/fusalmo.org\/salesianos\/wp-json\/wp\/v2\/posts\/9822\/revisions"}],"predecessor-version":[{"id":9858,"href":"https:\/\/fusalmo.org\/salesianos\/wp-json\/wp\/v2\/posts\/9822\/revisions\/9858"}],"wp:featuredmedia":[{"embeddable":true,"href":"https:\/\/fusalmo.org\/salesianos\/wp-json\/wp\/v2\/media\/9856"}],"wp:attachment":[{"href":"https:\/\/fusalmo.org\/salesianos\/wp-json\/wp\/v2\/media?parent=9822"}],"wp:term":[{"taxonomy":"category","embeddable":true,"href":"https:\/\/fusalmo.org\/salesianos\/wp-json\/wp\/v2\/categories?post=9822"},{"taxonomy":"post_tag","embeddable":true,"href":"https:\/\/fusalmo.org\/salesianos\/wp-json\/wp\/v2\/tags?post=9822"}],"curies":[{"name":"wp","href":"https:\/\/api.w.org\/{rel}","templated":true}]}}