{"id":9880,"date":"2023-09-20T14:07:19","date_gmt":"2023-09-20T20:07:19","guid":{"rendered":"https:\/\/fusalmo.org\/?p=9880"},"modified":"2023-09-20T14:07:19","modified_gmt":"2023-09-20T20:07:19","slug":"sociedad-civil-de-america-latina-y-africa-se-une-para-abordar-la-educacion-en-situaciones-de-emergencia","status":"publish","type":"post","link":"https:\/\/fusalmo.org\/salesianos\/sociedad-civil-de-america-latina-y-africa-se-une-para-abordar-la-educacion-en-situaciones-de-emergencia\/","title":{"rendered":"Sociedad civil de Am\u00e9rica Latina y \u00c1frica se une para abordar la educaci\u00f3n en situaciones de emergencia."},"content":{"rendered":"<figure class=\"wp-block-post-featured-image\"><img fetchpriority=\"high\" decoding=\"async\" width=\"2048\" height=\"1536\" src=\"https:\/\/fusalmo.org\/wp-content\/uploads\/2023\/09\/53201700034_afd17e2870_k.jpg\" class=\"attachment-post-thumbnail size-post-thumbnail wp-post-image\" alt=\"\" style=\"object-fit:cover;\" srcset=\"https:\/\/fusalmo.org\/wp-content\/uploads\/2023\/09\/53201700034_afd17e2870_k.jpg 2048w, https:\/\/fusalmo.org\/wp-content\/uploads\/2023\/09\/53201700034_afd17e2870_k-600x450.jpg 600w, https:\/\/fusalmo.org\/wp-content\/uploads\/2023\/09\/53201700034_afd17e2870_k-300x225.jpg 300w, https:\/\/fusalmo.org\/wp-content\/uploads\/2023\/09\/53201700034_afd17e2870_k-1024x768.jpg 1024w, https:\/\/fusalmo.org\/wp-content\/uploads\/2023\/09\/53201700034_afd17e2870_k-768x576.jpg 768w, https:\/\/fusalmo.org\/wp-content\/uploads\/2023\/09\/53201700034_afd17e2870_k-1536x1152.jpg 1536w\" sizes=\"(max-width: 2048px) 100vw, 2048px\" \/><\/figure>\n\n\n<p>Elo\u00edsa Lara, Coordinadora de Ejecuci\u00f3n y Monitoreo de Proyectos de FUSALMO asisti\u00f3 al taller de Incidencia sobre Educaci\u00f3n en Situaci\u00f3n de Emergencia que fue financiado por la Campa\u00f1a Latinoamericana por el Derecho a la Educaci\u00f3n (CLADE) y Campa\u00f1a Mundial por la Educaci\u00f3n (CME), desarrollado Addis Adada, Etiop\u00eda del 29 al 31 de agosto.&nbsp;<\/p>\n\n\n\n<p>La Red Salvadore\u00f1a por el Derecho a la Educaci\u00f3n fue una de las instituciones invitadas a participar en estas jornadas a fin de compartir experiencias relevantes de implementaci\u00f3n de acciones positivas en situaci\u00f3n de emergencia, principalmente en \u00c1frica y el Sur de Asia.&nbsp;<\/p>\n\n\n\n<p>Durante la actividad se brind\u00f3 informaci\u00f3n sobre el estado de los Cluster de Educaci\u00f3n y las acciones en pro de la educaci\u00f3n en emergencia. A su vez, se discutieron acciones que la sociedad civil organizada puede implementar para la incidencia en los gobiernos locales para tratar el tema de educaci\u00f3n en emergencias, con un enfoque de prevenci\u00f3n donde se tomen en cuenta las diferentes situaciones que representan una crisis e influyen directamente en el acceso al derecho de la educaci\u00f3n.<\/p>\n\n\n\n<p>A las sesiones se sumaron de sociedad civil de El Salvador, Honduras y Hait\u00ed, adem\u00e1s de representantes de coaliciones nacionales vinculadas con el tema de educaci\u00f3n de Sur Am\u00e9rica, \u00c1frica y el Sur de Asia. As\u00ed como representantes de Campa\u00f1a Mundial y Latinoamericana por la Educaci\u00f3n, (CLADE y CME) y Save the Children International.<\/p>\n\n\n\n<a data-flickr-embed=\"true\" data-header=\"true\" href=\"https:\/\/www.flickr.com\/photos\/104128793@N02\/albums\/72177720311347278\" title=\"2023 - Taller de incidencia sobre educaci\u00f3n en emergencia \" target=\"_blank\" rel=\"noopener\"><img decoding=\"async\" src=\"https:\/\/live.staticflickr.com\/65535\/53201699419_14fb191643.jpg\" width=\"640\" height=\"480\" alt=\"2023 - Taller de incidencia sobre educaci\u00f3n en emergencia \" \/><\/a>\n","protected":false},"excerpt":{"rendered":"<p>Elo\u00edsa Lara, Coordinadora de Ejecuci\u00f3n y Monitoreo de Proyectos de FUSALMO asisti\u00f3 al taller de Incidencia sobre Educaci\u00f3n en Situaci\u00f3n de Emergencia que fue financiado por la Campa\u00f1a Latinoamericana por el Derecho a la Educaci\u00f3n (CLADE) y Campa\u00f1a Mundial por la Educaci\u00f3n (CME), desarrollado Addis Adada, Etiop\u00eda del 29 al 31 de agosto.&nbsp; La Red [&hellip;]<\/p>\n","protected":false},"author":3,"featured_media":9884,"comment_status":"closed","ping_status":"closed","sticky":false,"template":"","format":"standard","meta":{"footnotes":""},"categories":[1],"tags":[],"class_list":["post-9880","post","type-post","status-publish","format-standard","has-post-thumbnail","hentry","category-sin-categoria"],"_links":{"self":[{"href":"https:\/\/fusalmo.org\/salesianos\/wp-json\/wp\/v2\/posts\/9880","targetHints":{"allow":["GET"]}}],"collection":[{"href":"https:\/\/fusalmo.org\/salesianos\/wp-json\/wp\/v2\/posts"}],"about":[{"href":"https:\/\/fusalmo.org\/salesianos\/wp-json\/wp\/v2\/types\/post"}],"author":[{"embeddable":true,"href":"https:\/\/fusalmo.org\/salesianos\/wp-json\/wp\/v2\/users\/3"}],"replies":[{"embeddable":true,"href":"https:\/\/fusalmo.org\/salesianos\/wp-json\/wp\/v2\/comments?post=9880"}],"version-history":[{"count":2,"href":"https:\/\/fusalmo.org\/salesianos\/wp-json\/wp\/v2\/posts\/9880\/revisions"}],"predecessor-version":[{"id":9885,"href":"https:\/\/fusalmo.org\/salesianos\/wp-json\/wp\/v2\/posts\/9880\/revisions\/9885"}],"wp:featuredmedia":[{"embeddable":true,"href":"https:\/\/fusalmo.org\/salesianos\/wp-json\/wp\/v2\/media\/9884"}],"wp:attachment":[{"href":"https:\/\/fusalmo.org\/salesianos\/wp-json\/wp\/v2\/media?parent=9880"}],"wp:term":[{"taxonomy":"category","embeddable":true,"href":"https:\/\/fusalmo.org\/salesianos\/wp-json\/wp\/v2\/categories?post=9880"},{"taxonomy":"post_tag","embeddable":true,"href":"https:\/\/fusalmo.org\/salesianos\/wp-json\/wp\/v2\/tags?post=9880"}],"curies":[{"name":"wp","href":"https:\/\/api.w.org\/{rel}","templated":true}]}}